{"id":282368,"date":"2023-06-07T15:29:03","date_gmt":"2023-06-07T12:29:03","guid":{"rendered":"http:\/\/sana.sy\/tr\/?p=282368"},"modified":"2023-06-08T14:27:23","modified_gmt":"2023-06-08T11:27:23","slug":"haddur-iaea-guvernorler-kurulunun-suriyede-guvenlik-onlemlerinin-uygulanmasina-iliskin-maddeyi-gorusmeye-devam-etmesi-konuyu-kisir-bir-tartisma-dongusune-sokuyor","status":"publish","type":"post","link":"https:\/\/archive.sana.sy\/tr\/?p=282368","title":{"rendered":"Haddur:  Suriye&#8217;de G\u00fcvenlik \u00d6nlemlerin Uygulanmas\u0131n\u0131 G\u00f6r\u00fc\u015fmeye Devam Edilmesi, Konuyu K\u0131s\u0131r Bir Tart\u0131\u015fma D\u00f6ng\u00fcs\u00fcne Sokuyor"},"content":{"rendered":"<p><strong>V\u0130YNA<\/strong> \u2013 Suriye&#8217;nin Birle\u015fmi\u015f Milletler Ofisi ve Viyana&#8217;daki di\u011fer uluslararas\u0131 kurulu\u015flar nezdindeki daimi temsilcisi B\u00fcy\u00fckel\u00e7i Hasan Haddur, Uluslararas\u0131 Atom Enerjisi Kurumu Guvern\u00f6rler Kurulu&#8217;nun Suriye&#8217;de N\u00fckleer Silahlar\u0131n Yay\u0131lmas\u0131n\u0131 \u00d6nleme Anla\u015fmas\u0131&#8217;nda imzalanan koruma \u00f6nlemlerinin uygulanmas\u0131 maddesini tart\u0131\u015fmaya tekrar tekrar devam etmesinin, onu zaman ve kaynaklar kayb\u0131na neden olan amlams\u0131z ve k\u0131s\u0131r bir tart\u0131\u015fma d\u00f6ng\u00fcs\u00fcne soktu\u011funu vurgulad\u0131.<\/p>\n<p>B\u00fcy\u00fckel\u00e7i Haddur, d\u00fcn ak\u015fam Viyana&#8217;da 5-9 Haziran tarihleri \u200b\u200baras\u0131nda \u00e7al\u0131\u015fmalar\u0131n\u0131 y\u00fcr\u00fcten Uluslararas\u0131 Atom Enerjisi Kurumu Y\u00f6netim Kurulu huzurunda yapt\u0131\u011f\u0131 a\u00e7\u0131klamada, \u2018\u2019Tart\u0131\u015fman\u0131n devam etmesi, baz\u0131 \u00fclkelerin Konsey&#8217;in \u00e7al\u0131\u015fmalar\u0131n\u0131 kar\u0131\u015ft\u0131rmas\u0131na ve dikkatini (\u0130srail)&#8217;in faaliyetlerinden ve askeri n\u00fckleer yeteneklerinden ba\u015fka y\u00f6ne \u00e7evirmesine yol a\u00e7\u0131yor.\u2019\u2019 ifadelerini kulland\u0131.<\/p>\n<p>Haddur ayr\u0131ca, (\u0130srail)&#8217;in Eyl\u00fcl 2007&#8217;de Deyrizor vilayetindeki bir b\u00f6lgeye y\u00f6nelik sald\u0131rganl\u0131\u011f\u0131n\u0131n, \u015fiddetle k\u0131nanmak yerine Suriye&#8217;nin imaj\u0131n\u0131 bozmak ve \u00fczerinde siyasi bask\u0131 ve ablokay\u0131 \u00a0uygulamak amac\u0131yla bir sald\u0131r\u0131 platformu olarak kullan\u0131ld\u0131\u011f\u0131na i\u015faret ederek, \u0130srail&#8217;in b\u00f6lgedeki sald\u0131rgan davran\u0131\u015f\u0131n\u0131n ve n\u00fckleer yetenekleriyle Silahlar\u0131n Yay\u0131lmas\u0131n\u0131 \u00d6nleme Anla\u015fmas\u0131 ve Te\u015fkilat ile kapsaml\u0131 bir koruma anla\u015fmas\u0131 \u00e7er\u00e7evesi d\u0131\u015f\u0131nda hayatta kalmas\u0131n\u0131n silahlar\u0131n yay\u0131lmas\u0131n\u0131 \u00f6nleme rejimi i\u00e7in b\u00fcy\u00fck bir tehlike olu\u015fturdu\u011fu konusunda uyard\u0131.<\/p>\n<p>B\u00fcy\u00fckel\u00e7i Haddur konu\u015fmas\u0131nda da, Suriye&#8217;nin Te\u015fkilat ile i\u015fbirli\u011finin hi\u00e7 durmad\u0131\u011f\u0131na i\u015faret ederek, sonuncusu 29 May\u0131s 2023&#8217;te ger\u00e7ekle\u015ftirilen ziyarete ili\u015fkin rapor olan pe\u015f pe\u015fe gelen garanti uygulama raporlar\u0131n\u0131n, Suriye&#8217;nin yasal y\u00fck\u00fcml\u00fcl\u00fcklerini yerine getirmekte gecikmedi\u011finin kan\u0131t\u0131 oldu\u011funu ifade etti.<\/p>\n<p>B\u00fcy\u00fckel\u00e7i Haddur \u015fu ifadelerle konu\u015fmas\u0131n\u0131 bitirdi: \u2018\u2019Suriye Arap Cumhuriyeti, Ajans ile imzalanan N\u00fckleer Silahlar\u0131n Yay\u0131lmas\u0131n\u0131 \u00d6nleme Anla\u015fmas\u0131 ve Kapsaml\u0131 Koruma \u00d6nlemleri Anla\u015fmas\u0131 kapsam\u0131ndaki y\u00fck\u00fcml\u00fcl\u00fcklerine uygun olarak Ajans ile tam ve yap\u0131c\u0131 i\u015fbirli\u011fine ba\u011fl\u0131 oldu\u011funu ve olmaya devam edece\u011fini yeniden vurgular.\u2019\u2019 dedi.<\/p>\n<p>R.M<\/p>\n<p><a href=\"https:\/\/t.me\/SuriyeArapHaberAjansI\">Telegram Kanal\u0131m\u0131z\u00a0<\/a><\/p>\n<p><a href=\"https:\/\/www.facebook.com\/SANAHaberAjansi\/\">Facebook Sayfam\u0131z<\/a><\/p>\n<p><a href=\"https:\/\/twitter.com\/arap_ajans\">Twitter Hesab\u0131m\u0131z<\/a><\/p>\n","protected":false},"excerpt":{"rendered":"<p>V\u0130YNA \u2013 Suriye&#8217;nin Birle\u015fmi\u015f Milletler Ofisi ve Viyana&#8217;daki di\u011fer uluslararas\u0131 kurulu\u015flar nezdindeki daimi temsilcisi B\u00fcy\u00fckel\u00e7i Hasan Haddur, Uluslararas\u0131 Atom Enerjisi Kurumu Guvern\u00f6rler Kurulu&#8217;nun Suriye&#8217;de N\u00fckleer Silahlar\u0131n Yay\u0131lmas\u0131n\u0131 \u00d6nleme Anla\u015fmas\u0131&#8217;nda imzalanan koruma \u00f6nlemlerinin uygulanmas\u0131 maddesini tart\u0131\u015fmaya tekrar tekrar devam etmesinin, onu zaman ve kaynaklar kayb\u0131na neden olan amlams\u0131z ve k\u0131s\u0131r bir tart\u0131\u015fma d\u00f6ng\u00fcs\u00fcne soktu\u011funu vurgulad\u0131. B\u00fcy\u00fckel\u00e7i &hellip;<\/p>\n","protected":false},"author":41,"featured_media":282369,"comment_status":"closed","ping_status":"closed","sticky":false,"template":"","format":"standard","meta":{"footnotes":""},"categories":[458,459,17988],"tags":[],"class_list":["post-282368","post","type-post","status-publish","format-standard","has-post-thumbnail","","category-dunya1","category-haberler-arap-uluslararasi-politika","category-son-haberler"],"_links":{"self":[{"href":"https:\/\/archive.sana.sy\/tr\/index.php?rest_route=\/wp\/v2\/posts\/282368","targetHints":{"allow":["GET"]}}],"collection":[{"href":"https:\/\/archive.sana.sy\/tr\/index.php?rest_route=\/wp\/v2\/posts"}],"about":[{"href":"https:\/\/archive.sana.sy\/tr\/index.php?rest_route=\/wp\/v2\/types\/post"}],"author":[{"embeddable":true,"href":"https:\/\/archive.sana.sy\/tr\/index.php?rest_route=\/wp\/v2\/users\/41"}],"replies":[{"embeddable":true,"href":"https:\/\/archive.sana.sy\/tr\/index.php?rest_route=%2Fwp%2Fv2%2Fcomments&post=282368"}],"version-history":[{"count":0,"href":"https:\/\/archive.sana.sy\/tr\/index.php?rest_route=\/wp\/v2\/posts\/282368\/revisions"}],"wp:featuredmedia":[{"embeddable":true,"href":"https:\/\/archive.sana.sy\/tr\/index.php?rest_route=\/wp\/v2\/media\/282369"}],"wp:attachment":[{"href":"https:\/\/archive.sana.sy\/tr\/index.php?rest_route=%2Fwp%2Fv2%2Fmedia&parent=282368"}],"wp:term":[{"taxonomy":"category","embeddable":true,"href":"https:\/\/archive.sana.sy\/tr\/index.php?rest_route=%2Fwp%2Fv2%2Fcategories&post=282368"},{"taxonomy":"post_tag","embeddable":true,"href":"https:\/\/archive.sana.sy\/tr\/index.php?rest_route=%2Fwp%2Fv2%2Ftags&post=282368"}],"curies":[{"name":"wp","href":"https:\/\/api.w.org\/{rel}","templated":true}]}}