{"id":282371,"date":"2023-06-07T16:11:30","date_gmt":"2023-06-07T13:11:30","guid":{"rendered":"http:\/\/sana.sy\/tr\/?p=282371"},"modified":"2023-06-09T11:12:10","modified_gmt":"2023-06-09T08:12:10","slug":"bakan-mahluf-rusya-dumasindan-bir-heyete-iki-dost-ulke-arasindaki-iliskilerin-derinligini-vurguladi","status":"publish","type":"post","link":"https:\/\/archive.sana.sy\/tr\/?p=282371","title":{"rendered":"Bakan Mahluf, Rusya Duma&#8217;s\u0131ndan Bir Heyete \u0130ki Dost \u00dclke Aras\u0131ndaki \u0130li\u015fkilerin Derinli\u011fini Vurgulad\u0131"},"content":{"rendered":"<p><strong>\u015eAM<\/strong> &#8211; Yerel Y\u00f6netim ve \u00c7evre Bakan\u0131 H\u00fcseyin Mahluf, Suriye ile Rusya Federasyonu aras\u0131ndaki ili\u015fkilerin <img loading=\"lazy\" decoding=\"async\" class=\"size-full wp-image-282373 alignright\" src=\"http:\/\/sana.sy\/tr\/wp-content\/uploads\/2023\/06\/KIN_3143-copy-300x200-1.jpg\" alt=\"\" width=\"300\" height=\"200\" \/>derinli\u011fini vurgulad\u0131.<\/p>\n<p>Bakan Mahluf, bug\u00fcn Rusya Devlet Dumas\u0131 Komitesi Ba\u015fkan\u0131 Vladimir Gutenev ve beraberindeki heyet ile yapt\u0131\u011f\u0131 g\u00f6r\u00fc\u015fmede, Suriye halk\u0131na sa\u011flanan destekten dolay\u0131 Rusya Federasyonu, h\u00fck\u00fcmet ve halk\u0131na te\u015fekk\u00fcr etti.<\/p>\n<p>Bakan Mahluf ayr\u0131ca, iki \u00fclke aras\u0131nda ter\u00f6rle m\u00fccadelede ve yerinden edilmi\u015f t\u00fcm insanlar\u0131n evlerine ve k\u00f6ylerine d\u00f6nmesi i\u00e7in gerekli ko\u015fullar\u0131n yarat\u0131lmas\u0131nda i\u015fbirli\u011fine i\u015faret etti.<\/p>\n<p>Gutenev ise, \u00f6zellikle Suriye&#8217;nin bir\u00e7ok b\u00f6lgesini vuran deprem felaketinin ard\u0131ndan her alanda i\u015fbirli\u011finin s\u00fcrd\u00fcr\u00fclmesi ve insani yard\u0131m sa\u011flanmas\u0131n\u0131n \u00f6nemini vurgulad\u0131.<\/p>\n<p>Bakanl\u0131k binas\u0131nda ger\u00e7ekle\u015ftirilen g\u00f6r\u00fc\u015fmede Rus heyeti, itfaiye, sivil savunma ve kurtarma \u00e7al\u0131\u015fmalar\u0131na yard\u0131mc\u0131 olan ekipman ve m\u00fchendislik ekipmanlar\u0131n\u0131 takdim etti.<\/p>\n<p>R.M<\/p>\n<p><a href=\"https:\/\/t.me\/SuriyeArapHaberAjansI\">Telegram Kanal\u0131m\u0131z\u00a0<\/a><\/p>\n<p><a href=\"https:\/\/www.facebook.com\/SANAHaberAjansi\/\">Facebook Sayfam\u0131z<\/a><\/p>\n<p><a href=\"https:\/\/twitter.com\/arap_ajans\">Twitter Hesab\u0131m\u0131z<\/a><\/p>\n","protected":false},"excerpt":{"rendered":"<p>\u015eAM &#8211; Yerel Y\u00f6netim ve \u00c7evre Bakan\u0131 H\u00fcseyin Mahluf, Suriye ile Rusya Federasyonu aras\u0131ndaki ili\u015fkilerin derinli\u011fini vurgulad\u0131. Bakan Mahluf, bug\u00fcn Rusya Devlet Dumas\u0131 Komitesi Ba\u015fkan\u0131 Vladimir Gutenev ve beraberindeki heyet ile yapt\u0131\u011f\u0131 g\u00f6r\u00fc\u015fmede, Suriye halk\u0131na sa\u011flanan destekten dolay\u0131 Rusya Federasyonu, h\u00fck\u00fcmet ve halk\u0131na te\u015fekk\u00fcr etti. Bakan Mahluf ayr\u0131ca, iki \u00fclke aras\u0131nda ter\u00f6rle m\u00fccadelede ve yerinden &hellip;<\/p>\n","protected":false},"author":41,"featured_media":282372,"comment_status":"closed","ping_status":"closed","sticky":false,"template":"","format":"standard","meta":{"footnotes":""},"categories":[479,17988,478],"tags":[],"class_list":["post-282371","post","type-post","status-publish","format-standard","has-post-thumbnail","","category-haberler-yerel","category-son-haberler","category-yerel"],"_links":{"self":[{"href":"https:\/\/archive.sana.sy\/tr\/index.php?rest_route=\/wp\/v2\/posts\/282371","targetHints":{"allow":["GET"]}}],"collection":[{"href":"https:\/\/archive.sana.sy\/tr\/index.php?rest_route=\/wp\/v2\/posts"}],"about":[{"href":"https:\/\/archive.sana.sy\/tr\/index.php?rest_route=\/wp\/v2\/types\/post"}],"author":[{"embeddable":true,"href":"https:\/\/archive.sana.sy\/tr\/index.php?rest_route=\/wp\/v2\/users\/41"}],"replies":[{"embeddable":true,"href":"https:\/\/archive.sana.sy\/tr\/index.php?rest_route=%2Fwp%2Fv2%2Fcomments&post=282371"}],"version-history":[{"count":0,"href":"https:\/\/archive.sana.sy\/tr\/index.php?rest_route=\/wp\/v2\/posts\/282371\/revisions"}],"wp:featuredmedia":[{"embeddable":true,"href":"https:\/\/archive.sana.sy\/tr\/index.php?rest_route=\/wp\/v2\/media\/282372"}],"wp:attachment":[{"href":"https:\/\/archive.sana.sy\/tr\/index.php?rest_route=%2Fwp%2Fv2%2Fmedia&parent=282371"}],"wp:term":[{"taxonomy":"category","embeddable":true,"href":"https:\/\/archive.sana.sy\/tr\/index.php?rest_route=%2Fwp%2Fv2%2Fcategories&post=282371"},{"taxonomy":"post_tag","embeddable":true,"href":"https:\/\/archive.sana.sy\/tr\/index.php?rest_route=%2Fwp%2Fv2%2Ftags&post=282371"}],"curies":[{"name":"wp","href":"https:\/\/api.w.org\/{rel}","templated":true}]}}