{"id":282415,"date":"2023-06-08T09:00:28","date_gmt":"2023-06-08T06:00:28","guid":{"rendered":"https:\/\/sana.sy\/tr\/?p=282415"},"modified":"2023-06-09T11:12:46","modified_gmt":"2023-06-09T08:12:46","slug":"israil-isgal-guclerinin-bati-yakada-duzenledigi-baskinlarda-bir-filistinli-yaralandi-ve-22-kisi-de-tutuklandi","status":"publish","type":"post","link":"https:\/\/archive.sana.sy\/tr\/?p=282415","title":{"rendered":"\u0130srail \u0130\u015fgal G\u00fc\u00e7lerinin Bat\u0131 Yaka&#8217;da D\u00fczenledi\u011fi Bask\u0131nlarda Bir Filistinli Yaraland\u0131 Ve 22 Ki\u015fi De Tutukland\u0131"},"content":{"rendered":"<p><strong>\u0130\u015eGAL ED\u0130LEN KUD\u00dcS \u2013 <\/strong>\u0130\u015fgal g\u00fc\u00e7lerinin Bat\u0131 Yaka&#8217;n\u0131n farkl\u0131 b\u00f6lgelerine d\u00fczenledi\u011fi bask\u0131nlarda bir Filistinli yaraland\u0131 ve 22 ki\u015fi de tutukland\u0131.<\/p>\n<p>WAFA Haber Ajans\u0131, i\u015fgal g\u00fc\u00e7lerinin, Cenin&#8217;in Arraba kasabas\u0131na bask\u0131n d\u00fczenleyerek bir genci yaralad\u0131\u011f\u0131n\u0131, bir genci de tutuklad\u0131\u011f\u0131n\u0131 ve Nablus&#8217;taki Beta, Kud\u00fcs&#8217;teki Beyt Daku ve El Halil&#8217;deki Yatta ve Beyt Ammer kasabalar\u0131na bask\u0131n d\u00fczenledi\u011fini belirtirken, 2\u2019si \u00e7ocuk 20 Filistinli tutuklad\u0131\u011f\u0131na i\u015faret etti.<\/p>\n<p><a href=\"https:\/\/t.me\/SuriyeArapHaberAjansI\">Telegram Kanal\u0131m\u0131z\u00a0<\/a><\/p>\n<p><a href=\"https:\/\/www.facebook.com\/SANAHaberAjansi\/\">Facebook Sayfam\u0131z<\/a><\/p>\n<p><a href=\"https:\/\/twitter.com\/arap_ajans\">Twitter Hesab\u0131m\u0131z<\/a><\/p>\n","protected":false},"excerpt":{"rendered":"<p>\u0130\u015eGAL ED\u0130LEN KUD\u00dcS \u2013 \u0130\u015fgal g\u00fc\u00e7lerinin Bat\u0131 Yaka&#8217;n\u0131n farkl\u0131 b\u00f6lgelerine d\u00fczenledi\u011fi bask\u0131nlarda bir Filistinli yaraland\u0131 ve 22 ki\u015fi de tutukland\u0131. WAFA Haber Ajans\u0131, i\u015fgal g\u00fc\u00e7lerinin, Cenin&#8217;in Arraba kasabas\u0131na bask\u0131n d\u00fczenleyerek bir genci yaralad\u0131\u011f\u0131n\u0131, bir genci de tutuklad\u0131\u011f\u0131n\u0131 ve Nablus&#8217;taki Beta, Kud\u00fcs&#8217;teki Beyt Daku ve El Halil&#8217;deki Yatta ve Beyt Ammer kasabalar\u0131na bask\u0131n d\u00fczenledi\u011fini belirtirken, 2\u2019si &hellip;<\/p>\n","protected":false},"author":39,"featured_media":282416,"comment_status":"closed","ping_status":"closed","sticky":false,"template":"","format":"standard","meta":{"footnotes":""},"categories":[458,459,17988],"tags":[],"class_list":["post-282415","post","type-post","status-publish","format-standard","has-post-thumbnail","","category-dunya1","category-haberler-arap-uluslararasi-politika","category-son-haberler"],"_links":{"self":[{"href":"https:\/\/archive.sana.sy\/tr\/index.php?rest_route=\/wp\/v2\/posts\/282415","targetHints":{"allow":["GET"]}}],"collection":[{"href":"https:\/\/archive.sana.sy\/tr\/index.php?rest_route=\/wp\/v2\/posts"}],"about":[{"href":"https:\/\/archive.sana.sy\/tr\/index.php?rest_route=\/wp\/v2\/types\/post"}],"author":[{"embeddable":true,"href":"https:\/\/archive.sana.sy\/tr\/index.php?rest_route=\/wp\/v2\/users\/39"}],"replies":[{"embeddable":true,"href":"https:\/\/archive.sana.sy\/tr\/index.php?rest_route=%2Fwp%2Fv2%2Fcomments&post=282415"}],"version-history":[{"count":0,"href":"https:\/\/archive.sana.sy\/tr\/index.php?rest_route=\/wp\/v2\/posts\/282415\/revisions"}],"wp:featuredmedia":[{"embeddable":true,"href":"https:\/\/archive.sana.sy\/tr\/index.php?rest_route=\/wp\/v2\/media\/282416"}],"wp:attachment":[{"href":"https:\/\/archive.sana.sy\/tr\/index.php?rest_route=%2Fwp%2Fv2%2Fmedia&parent=282415"}],"wp:term":[{"taxonomy":"category","embeddable":true,"href":"https:\/\/archive.sana.sy\/tr\/index.php?rest_route=%2Fwp%2Fv2%2Fcategories&post=282415"},{"taxonomy":"post_tag","embeddable":true,"href":"https:\/\/archive.sana.sy\/tr\/index.php?rest_route=%2Fwp%2Fv2%2Ftags&post=282415"}],"curies":[{"name":"wp","href":"https:\/\/api.w.org\/{rel}","templated":true}]}}