{"id":282421,"date":"2023-06-08T14:12:05","date_gmt":"2023-06-08T11:12:05","guid":{"rendered":"https:\/\/sana.sy\/tr\/?p=282421"},"modified":"2023-06-09T11:13:10","modified_gmt":"2023-06-09T08:13:10","slug":"vershinin-ve-pedersen-suriyedeki-gelismeleri-gorustu","status":"publish","type":"post","link":"https:\/\/archive.sana.sy\/tr\/?p=282421","title":{"rendered":"Vershinin Ve Pedersen, Suriye&#8217;deki Geli\u015fmeleri G\u00f6r\u00fc\u015ft\u00fc"},"content":{"rendered":"<p><strong>MOSKOVA \u2013 <\/strong>Rusya D\u0131\u015fi\u015fleri Bakan Yard\u0131mc\u0131s\u0131 Sergey Vershinin, Birle\u015fmi\u015f Milletler Genel Sekreteri&#8217;nin Suriye \u00d6zel Temsilcisi Geir Pedersen ile Suriye&#8217;deki duruma ili\u015fkin geli\u015fmeleri g\u00f6r\u00fc\u015ft\u00fc.<\/p>\n<p>Rusya D\u0131\u015fi\u015fleri Bakanl\u0131\u011f\u0131 bug\u00fcn yapt\u0131\u011f\u0131 a\u00e7\u0131klamada, \u201cVershinin ve Pedersen&#8217;in Suriye&#8217;deki krizin \u00e7\u00f6z\u00fcm\u00fc konular\u0131n\u0131 g\u00f6r\u00fc\u015ft\u00fcklerini ve Suriyelilerin bizzat y\u00fcr\u00fctt\u00fc\u011f\u00fc siyasi s\u00fcrecin Birle\u015fmi\u015f Milletler&#8217;in deste\u011fiyle ilerletilmesi g\u00f6revlerine \u00f6zel \u00f6nem verildi\u011fini\u201d dedi.<\/p>\n<p>Bakanl\u0131k ayr\u0131ca: \u201cSuriye&#8217;deki ihtiya\u00e7 sahibi olan herkese kapsaml\u0131 insani yard\u0131m sa\u011flanmas\u0131na ili\u015fkin acil konular de\u011ferlendirilerek, Suriyelilere yard\u0131m\u0131n ayr\u0131m g\u00f6zetilmeksizin ve siyasalla\u015ft\u0131r\u0131lmadan, \u00f6nko\u015ful olmaks\u0131z\u0131n ve uluslararas\u0131 insanc\u0131l hukuk ilke ve kurallar\u0131na uygun olarak sa\u011flanmas\u0131 gere\u011fi vurguland\u0131.<\/p>\n<p><a href=\"https:\/\/t.me\/SuriyeArapHaberAjansI\">Telegram Kanal\u0131m\u0131z\u00a0<\/a><\/p>\n<p><a href=\"https:\/\/www.facebook.com\/SANAHaberAjansi\/\">Facebook Sayfam\u0131z<\/a><\/p>\n<p><a href=\"https:\/\/twitter.com\/arap_ajans\">Twitter Hesab\u0131m\u0131z<\/a><\/p>\n","protected":false},"excerpt":{"rendered":"<p>MOSKOVA \u2013 Rusya D\u0131\u015fi\u015fleri Bakan Yard\u0131mc\u0131s\u0131 Sergey Vershinin, Birle\u015fmi\u015f Milletler Genel Sekreteri&#8217;nin Suriye \u00d6zel Temsilcisi Geir Pedersen ile Suriye&#8217;deki duruma ili\u015fkin geli\u015fmeleri g\u00f6r\u00fc\u015ft\u00fc. Rusya D\u0131\u015fi\u015fleri Bakanl\u0131\u011f\u0131 bug\u00fcn yapt\u0131\u011f\u0131 a\u00e7\u0131klamada, \u201cVershinin ve Pedersen&#8217;in Suriye&#8217;deki krizin \u00e7\u00f6z\u00fcm\u00fc konular\u0131n\u0131 g\u00f6r\u00fc\u015ft\u00fcklerini ve Suriyelilerin bizzat y\u00fcr\u00fctt\u00fc\u011f\u00fc siyasi s\u00fcrecin Birle\u015fmi\u015f Milletler&#8217;in deste\u011fiyle ilerletilmesi g\u00f6revlerine \u00f6zel \u00f6nem verildi\u011fini\u201d dedi. Bakanl\u0131k ayr\u0131ca: \u201cSuriye&#8217;deki &hellip;<\/p>\n","protected":false},"author":39,"featured_media":282422,"comment_status":"closed","ping_status":"closed","sticky":false,"template":"","format":"standard","meta":{"footnotes":""},"categories":[458,459,17988],"tags":[],"class_list":["post-282421","post","type-post","status-publish","format-standard","has-post-thumbnail","","category-dunya1","category-haberler-arap-uluslararasi-politika","category-son-haberler"],"_links":{"self":[{"href":"https:\/\/archive.sana.sy\/tr\/index.php?rest_route=\/wp\/v2\/posts\/282421","targetHints":{"allow":["GET"]}}],"collection":[{"href":"https:\/\/archive.sana.sy\/tr\/index.php?rest_route=\/wp\/v2\/posts"}],"about":[{"href":"https:\/\/archive.sana.sy\/tr\/index.php?rest_route=\/wp\/v2\/types\/post"}],"author":[{"embeddable":true,"href":"https:\/\/archive.sana.sy\/tr\/index.php?rest_route=\/wp\/v2\/users\/39"}],"replies":[{"embeddable":true,"href":"https:\/\/archive.sana.sy\/tr\/index.php?rest_route=%2Fwp%2Fv2%2Fcomments&post=282421"}],"version-history":[{"count":0,"href":"https:\/\/archive.sana.sy\/tr\/index.php?rest_route=\/wp\/v2\/posts\/282421\/revisions"}],"wp:featuredmedia":[{"embeddable":true,"href":"https:\/\/archive.sana.sy\/tr\/index.php?rest_route=\/wp\/v2\/media\/282422"}],"wp:attachment":[{"href":"https:\/\/archive.sana.sy\/tr\/index.php?rest_route=%2Fwp%2Fv2%2Fmedia&parent=282421"}],"wp:term":[{"taxonomy":"category","embeddable":true,"href":"https:\/\/archive.sana.sy\/tr\/index.php?rest_route=%2Fwp%2Fv2%2Fcategories&post=282421"},{"taxonomy":"post_tag","embeddable":true,"href":"https:\/\/archive.sana.sy\/tr\/index.php?rest_route=%2Fwp%2Fv2%2Ftags&post=282421"}],"curies":[{"name":"wp","href":"https:\/\/api.w.org\/{rel}","templated":true}]}}