{"id":282424,"date":"2023-06-08T14:25:07","date_gmt":"2023-06-08T11:25:07","guid":{"rendered":"https:\/\/sana.sy\/tr\/?p=282424"},"modified":"2023-06-10T09:04:10","modified_gmt":"2023-06-10T06:04:10","slug":"ulastirma-bakani-samdaki-beyaz-rusya-buyukelcisi-ile-iki-ulke-arasindaki-isbirligi-iliskilerinin-gelistirilmesini-gorustu","status":"publish","type":"post","link":"https:\/\/archive.sana.sy\/tr\/?p=282424","title":{"rendered":"Ula\u015ft\u0131rma Bakan\u0131, \u015eam&#8217;daki Beyaz Rusya B\u00fcy\u00fckel\u00e7isi \u0130le \u0130ki \u00dclke Aras\u0131ndaki \u0130\u015fbirli\u011fi \u0130li\u015fkilerinin Geli\u015ftirilmesini G\u00f6r\u00fc\u015ft\u00fc"},"content":{"rendered":"<p><strong>\u015eAM<\/strong> \u2013 Ula\u015ft\u0131rma Bakan\u0131 Z\u00fcheir Hazim, Belarus Cumhuriyeti&#8217;nin \u015eam B\u00fcy\u00fckel\u00e7isi Yuri Sloka ile iki \u00fclke aras\u0131ndaki dostane ili\u015fkileri ve ula\u015ft\u0131rma sekt\u00f6rlerinde ikili i\u015fbirli\u011fini geli\u015ftirme olas\u0131l\u0131klar\u0131n\u0131 g\u00f6r\u00fc\u015ft\u00fc.<\/p>\n<p>Bakan Hazim, Belarus Ba\u015fbakan\u0131&#8217;n\u0131n Kas\u0131m 2022&#8217;de \u015eam&#8217;a yapt\u0131\u011f\u0131 ziyarette iki \u00fclke aras\u0131nda imzalanan ikili anla\u015fmalar\u0131n devreye sokulmas\u0131 ve pratik bir \u015fekilde hayata ge\u00e7irilmesi ve Belarus Ula\u015ft\u0131rma ve Haberle\u015fme Bakanl\u0131\u011f\u0131 ile kara, deniz, hava ve demiryolu ta\u015f\u0131mac\u0131l\u0131\u011f\u0131nda ili\u015fkilerin ilerletilmesi ve ortak yat\u0131r\u0131m projeleri olu\u015fturulmas\u0131 gerekti\u011fine dikkat \u00e7ekti.<\/p>\n<p>Bakan Hazim, ayn\u0131 ilke ve de\u011ferlere sahip \u00fclkelerle bir ekonomik ili\u015fkiler a\u011f\u0131 kurman\u0131n yan\u0131 s\u0131ra, zorluklar ve ko\u015fullarla y\u00fczle\u015fmek i\u00e7in \u00e7abalar\u0131 birle\u015ftirme \u00e7a\u011fr\u0131s\u0131nda bulundu.<\/p>\n<p>Belarus b\u00fcy\u00fckel\u00e7isi ise Suriye ile \u00f6zellikle ula\u015ft\u0131rma sekt\u00f6rlerinde i\u015fbirli\u011fi alanlar\u0131n\u0131n geni\u015f oldu\u011funu teyit ederek, \u00f6zellikle ula\u015f\u0131m modlar\u0131ndaki ikili projelerin \u00e7e\u015fitli ve geni\u015f olmas\u0131 nedeniyle, Belarus&#8217;taki kalk\u0131nma ve yat\u0131r\u0131m projelerinin ve tan\u0131k oldu\u011fu end\u00fcstriyel ve teknolojik geli\u015fmenin g\u00f6zden ge\u00e7irilmesi ve bundan s\u0131n\u0131rs\u0131z ikili i\u015fbirli\u011fi i\u00e7inde yararlan\u0131lmas\u0131 \u00e7a\u011fr\u0131s\u0131nda bulundu.<\/p>\n<p>Belarus B\u00fcy\u00fckel\u00e7isi, i\u015fbirli\u011fi, koordinasyon ve g\u00f6r\u00fc\u015fme ad\u0131mlar\u0131n\u0131n iki dost \u00fclkenin \u00e7\u0131karlar\u0131na hizmet edecek \u015fekilde harekete ge\u00e7irilmesi ve \u00e7al\u0131\u015fma temposunun h\u0131zland\u0131r\u0131lmas\u0131 gerekti\u011fine i\u015faret etti.<\/p>\n<p><a href=\"https:\/\/t.me\/SuriyeArapHaberAjansI\">Telegram Kanal\u0131m\u0131z\u00a0<\/a><\/p>\n<p><a href=\"https:\/\/www.facebook.com\/SANAHaberAjansi\/\">Facebook Sayfam\u0131z<\/a><\/p>\n<p><a href=\"https:\/\/twitter.com\/arap_ajans\">Twitter Hesab\u0131m\u0131z<\/a><\/p>\n","protected":false},"excerpt":{"rendered":"<p>\u015eAM \u2013 Ula\u015ft\u0131rma Bakan\u0131 Z\u00fcheir Hazim, Belarus Cumhuriyeti&#8217;nin \u015eam B\u00fcy\u00fckel\u00e7isi Yuri Sloka ile iki \u00fclke aras\u0131ndaki dostane ili\u015fkileri ve ula\u015ft\u0131rma sekt\u00f6rlerinde ikili i\u015fbirli\u011fini geli\u015ftirme olas\u0131l\u0131klar\u0131n\u0131 g\u00f6r\u00fc\u015ft\u00fc. Bakan Hazim, Belarus Ba\u015fbakan\u0131&#8217;n\u0131n Kas\u0131m 2022&#8217;de \u015eam&#8217;a yapt\u0131\u011f\u0131 ziyarette iki \u00fclke aras\u0131nda imzalanan ikili anla\u015fmalar\u0131n devreye sokulmas\u0131 ve pratik bir \u015fekilde hayata ge\u00e7irilmesi ve Belarus Ula\u015ft\u0131rma ve Haberle\u015fme Bakanl\u0131\u011f\u0131 &hellip;<\/p>\n","protected":false},"author":39,"featured_media":282425,"comment_status":"closed","ping_status":"closed","sticky":false,"template":"","format":"standard","meta":{"footnotes":""},"categories":[479,17988,478],"tags":[],"class_list":["post-282424","post","type-post","status-publish","format-standard","has-post-thumbnail","","category-haberler-yerel","category-son-haberler","category-yerel"],"_links":{"self":[{"href":"https:\/\/archive.sana.sy\/tr\/index.php?rest_route=\/wp\/v2\/posts\/282424","targetHints":{"allow":["GET"]}}],"collection":[{"href":"https:\/\/archive.sana.sy\/tr\/index.php?rest_route=\/wp\/v2\/posts"}],"about":[{"href":"https:\/\/archive.sana.sy\/tr\/index.php?rest_route=\/wp\/v2\/types\/post"}],"author":[{"embeddable":true,"href":"https:\/\/archive.sana.sy\/tr\/index.php?rest_route=\/wp\/v2\/users\/39"}],"replies":[{"embeddable":true,"href":"https:\/\/archive.sana.sy\/tr\/index.php?rest_route=%2Fwp%2Fv2%2Fcomments&post=282424"}],"version-history":[{"count":0,"href":"https:\/\/archive.sana.sy\/tr\/index.php?rest_route=\/wp\/v2\/posts\/282424\/revisions"}],"wp:featuredmedia":[{"embeddable":true,"href":"https:\/\/archive.sana.sy\/tr\/index.php?rest_route=\/wp\/v2\/media\/282425"}],"wp:attachment":[{"href":"https:\/\/archive.sana.sy\/tr\/index.php?rest_route=%2Fwp%2Fv2%2Fmedia&parent=282424"}],"wp:term":[{"taxonomy":"category","embeddable":true,"href":"https:\/\/archive.sana.sy\/tr\/index.php?rest_route=%2Fwp%2Fv2%2Fcategories&post=282424"},{"taxonomy":"post_tag","embeddable":true,"href":"https:\/\/archive.sana.sy\/tr\/index.php?rest_route=%2Fwp%2Fv2%2Ftags&post=282424"}],"curies":[{"name":"wp","href":"https:\/\/api.w.org\/{rel}","templated":true}]}}