{"id":282429,"date":"2023-06-08T14:43:08","date_gmt":"2023-06-08T11:43:08","guid":{"rendered":"https:\/\/sana.sy\/tr\/?p=282429"},"modified":"2023-06-10T09:04:19","modified_gmt":"2023-06-10T06:04:19","slug":"cumhurbaskani-esad-muhammed-el-mahzabinin-tunusun-suriyedeki-olaganustu-buyukelcisi-ve-tam-yetkili-temsilcisi-olarak-guven-mektubunu-kabul-etti","status":"publish","type":"post","link":"https:\/\/archive.sana.sy\/tr\/?p=282429","title":{"rendered":"Cumhurba\u015fkan\u0131 Esad, Muhammed El Mahzabi&#8217;nin Tunus&#8217;un Suriye&#8217;deki Ola\u011fan\u00fcst\u00fc B\u00fcy\u00fckel\u00e7isi Ve Tam Yetkili Temsilcisi Olarak G\u00fcven Mektubunu Kabul Etti"},"content":{"rendered":"<p><span style=\"color: #800000;\">\u015eam<\/span> \u2013 Bug\u00fcn, Say\u0131n Cumhurba\u015fkan\u0131 Be\u015f\u015far Esad, Muhammed El Mahzabi\u2019nin Tunus Cumhuriyeti\u2019nin Suriye Arap Cumhuriyeti\u2019ndeki Ola\u011fan\u00fcst\u00fc ve Tam Yetkili B\u00fcy\u00fckel\u00e7isi olarak g\u00fcven mektubunu kabul etti.<br \/>\nTunus B\u00fcy\u00fckel\u00e7isinin g\u00fcven mektubu, D\u0131\u015fi\u015fleri ve Gurbet\u00e7iler Bakan\u0131 Dr. Faysal Mikdad ve Cumhurba\u015fkanl\u0131\u011f\u0131 \u0130\u015fleri Bakan\u0131 Mansur Azzam&#8217;\u0131n huzurunda kabul edildi.<\/p>\n<div id='gallery-1' class='gallery galleryid-282429 gallery-columns-1 gallery-size-full'><figure class='gallery-item'>\n\t\t\t<div class='gallery-icon landscape'>\n\t\t\t\t<a href='https:\/\/archive.sana.sy\/tr\/wp-content\/uploads\/2023\/06\/00-3.jpg'><img loading=\"lazy\" decoding=\"async\" width=\"1200\" height=\"683\" src=\"https:\/\/archive.sana.sy\/tr\/wp-content\/uploads\/2023\/06\/00-3.jpg\" class=\"attachment-full size-full\" alt=\"\" srcset=\"https:\/\/archive.sana.sy\/tr\/wp-content\/uploads\/2023\/06\/00-3.jpg 1200w, https:\/\/archive.sana.sy\/tr\/wp-content\/uploads\/2023\/06\/00-3-300x171.jpg 300w, https:\/\/archive.sana.sy\/tr\/wp-content\/uploads\/2023\/06\/00-3-1024x583.jpg 1024w, https:\/\/archive.sana.sy\/tr\/wp-content\/uploads\/2023\/06\/00-3-768x437.jpg 768w\" sizes=\"auto, (max-width: 1200px) 100vw, 1200px\" \/><\/a>\n\t\t\t<\/div><\/figure><figure class='gallery-item'>\n\t\t\t<div class='gallery-icon landscape'>\n\t\t\t\t<a href='https:\/\/archive.sana.sy\/tr\/wp-content\/uploads\/2023\/06\/01.jpg'><img loading=\"lazy\" decoding=\"async\" width=\"1200\" height=\"803\" src=\"https:\/\/archive.sana.sy\/tr\/wp-content\/uploads\/2023\/06\/01.jpg\" class=\"attachment-full size-full\" alt=\"\" srcset=\"https:\/\/archive.sana.sy\/tr\/wp-content\/uploads\/2023\/06\/01.jpg 1200w, https:\/\/archive.sana.sy\/tr\/wp-content\/uploads\/2023\/06\/01-300x201.jpg 300w, https:\/\/archive.sana.sy\/tr\/wp-content\/uploads\/2023\/06\/01-1024x685.jpg 1024w, https:\/\/archive.sana.sy\/tr\/wp-content\/uploads\/2023\/06\/01-768x514.jpg 768w, https:\/\/archive.sana.sy\/tr\/wp-content\/uploads\/2023\/06\/01-110x75.jpg 110w\" sizes=\"auto, (max-width: 1200px) 100vw, 1200px\" \/><\/a>\n\t\t\t<\/div><\/figure><figure class='gallery-item'>\n\t\t\t<div class='gallery-icon landscape'>\n\t\t\t\t<a href='https:\/\/archive.sana.sy\/tr\/wp-content\/uploads\/2023\/06\/02-5.jpg'><img loading=\"lazy\" decoding=\"async\" width=\"1200\" height=\"754\" src=\"https:\/\/archive.sana.sy\/tr\/wp-content\/uploads\/2023\/06\/02-5.jpg\" class=\"attachment-full size-full\" alt=\"\" srcset=\"https:\/\/archive.sana.sy\/tr\/wp-content\/uploads\/2023\/06\/02-5.jpg 1200w, https:\/\/archive.sana.sy\/tr\/wp-content\/uploads\/2023\/06\/02-5-300x189.jpg 300w, https:\/\/archive.sana.sy\/tr\/wp-content\/uploads\/2023\/06\/02-5-1024x643.jpg 1024w, https:\/\/archive.sana.sy\/tr\/wp-content\/uploads\/2023\/06\/02-5-768x483.jpg 768w\" sizes=\"auto, (max-width: 1200px) 100vw, 1200px\" \/><\/a>\n\t\t\t<\/div><\/figure>\n\t\t<\/div>\n\n<p><a href=\"https:\/\/t.me\/SuriyeArapHaberAjansI\">Telegram Kanal\u0131m\u0131z\u00a0<\/a><\/p>\n<p><a href=\"https:\/\/www.facebook.com\/SANAHaberAjansi\/\">Facebook Sayfam\u0131z<\/a><\/p>\n<p><a href=\"https:\/\/twitter.com\/arap_ajans\">Twitter Hesab\u0131m\u0131z<\/a><\/p>\n","protected":false},"excerpt":{"rendered":"<p>\u015eam \u2013 Bug\u00fcn, Say\u0131n Cumhurba\u015fkan\u0131 Be\u015f\u015far Esad, Muhammed El Mahzabi\u2019nin Tunus Cumhuriyeti\u2019nin Suriye Arap Cumhuriyeti\u2019ndeki Ola\u011fan\u00fcst\u00fc ve Tam Yetkili B\u00fcy\u00fckel\u00e7isi olarak g\u00fcven mektubunu kabul etti. Tunus B\u00fcy\u00fckel\u00e7isinin g\u00fcven mektubu, D\u0131\u015fi\u015fleri ve Gurbet\u00e7iler Bakan\u0131 Dr. Faysal Mikdad ve Cumhurba\u015fkanl\u0131\u011f\u0131 \u0130\u015fleri Bakan\u0131 Mansur Azzam&#8217;\u0131n huzurunda kabul edildi. Telegram Kanal\u0131m\u0131z\u00a0 Facebook Sayfam\u0131z Twitter Hesab\u0131m\u0131z<\/p>\n","protected":false},"author":39,"featured_media":282430,"comment_status":"closed","ping_status":"closed","sticky":false,"template":"","format":"standard","meta":{"footnotes":""},"categories":[479,605,17988,478],"tags":[],"class_list":["post-282429","post","type-post","status-publish","format-standard","has-post-thumbnail","","category-haberler-yerel","category-sayin-cumhurbaskani","category-son-haberler","category-yerel"],"_links":{"self":[{"href":"https:\/\/archive.sana.sy\/tr\/index.php?rest_route=\/wp\/v2\/posts\/282429","targetHints":{"allow":["GET"]}}],"collection":[{"href":"https:\/\/archive.sana.sy\/tr\/index.php?rest_route=\/wp\/v2\/posts"}],"about":[{"href":"https:\/\/archive.sana.sy\/tr\/index.php?rest_route=\/wp\/v2\/types\/post"}],"author":[{"embeddable":true,"href":"https:\/\/archive.sana.sy\/tr\/index.php?rest_route=\/wp\/v2\/users\/39"}],"replies":[{"embeddable":true,"href":"https:\/\/archive.sana.sy\/tr\/index.php?rest_route=%2Fwp%2Fv2%2Fcomments&post=282429"}],"version-history":[{"count":0,"href":"https:\/\/archive.sana.sy\/tr\/index.php?rest_route=\/wp\/v2\/posts\/282429\/revisions"}],"wp:featuredmedia":[{"embeddable":true,"href":"https:\/\/archive.sana.sy\/tr\/index.php?rest_route=\/wp\/v2\/media\/282430"}],"wp:attachment":[{"href":"https:\/\/archive.sana.sy\/tr\/index.php?rest_route=%2Fwp%2Fv2%2Fmedia&parent=282429"}],"wp:term":[{"taxonomy":"category","embeddable":true,"href":"https:\/\/archive.sana.sy\/tr\/index.php?rest_route=%2Fwp%2Fv2%2Fcategories&post=282429"},{"taxonomy":"post_tag","embeddable":true,"href":"https:\/\/archive.sana.sy\/tr\/index.php?rest_route=%2Fwp%2Fv2%2Ftags&post=282429"}],"curies":[{"name":"wp","href":"https:\/\/api.w.org\/{rel}","templated":true}]}}