{"id":282441,"date":"2023-06-08T17:07:09","date_gmt":"2023-06-08T14:07:09","guid":{"rendered":"https:\/\/sana.sy\/tr\/?p=282441"},"modified":"2023-06-10T12:04:44","modified_gmt":"2023-06-10T09:04:44","slug":"cumhurbaskani-esad-suriyenin-arap-birligi-delegesi-olarak-kahireye-gitmeden-once-buyukelci-alayi-kabul-etti-ve-ona-talimatlarini-verdi","status":"publish","type":"post","link":"https:\/\/archive.sana.sy\/tr\/?p=282441","title":{"rendered":"Cumhurba\u015fkan\u0131 Esad, Suriye&#8217;nin Arap Birli\u011fi Delegesi Olarak Kahire&#8217;ye Gitmeden \u00d6nce B\u00fcy\u00fckel\u00e7i Ala&#8217;y\u0131 Kabul Etti Ve Ona Talimatlar\u0131n\u0131 Verdi"},"content":{"rendered":"<p><span style=\"color: #800000;\"><strong>\u015eAM<\/strong><\/span> &#8211; Say\u0131n Cumhurba\u015fkan\u0131 Be\u015f\u015far Esad, Suriye&#8217;nin Arap Birli\u011fi Daimi Temsilcisi B\u00fcy\u00fckel\u00e7i Husammeddin Ala&#8217;y\u0131 kabul etti.<\/p>\n<p>Cumhurba\u015fkan\u0131 Esad, g\u00f6revlerini yerine getirmek i\u00e7in Kahire&#8217;ye gitmeden \u00f6nce B\u00fcy\u00fckel\u00e7i Ala&#8217;ya talimatlar\u0131n\u0131 verdi.<\/p>\n<p>Cumhurba\u015fkan\u0131 Esad, B\u00fcy\u00fckel\u00e7i Husammeddin Ala&#8217;n\u0131n Suriye Arap Cumhuriyeti&#8217;nin Arap Devletleri Birli\u011fi&#8217;ndeki daimi temsilcisi olarak atanmas\u0131n\u0131 \u00f6ng\u00f6ren 2023 tarihli 126 say\u0131l\u0131 Kararname \u00e7\u0131karm\u0131\u015ft\u0131.<\/p>\n<p><a href=\"http:\/\/sana.sy\/tr\/wp-content\/uploads\/2023\/06\/\u0635.jpg\"><img loading=\"lazy\" decoding=\"async\" class=\"aligncenter size-full wp-image-282443\" src=\"http:\/\/sana.sy\/tr\/wp-content\/uploads\/2023\/06\/\u0635.jpg\" alt=\"\" width=\"1200\" height=\"719\" srcset=\"https:\/\/archive.sana.sy\/tr\/wp-content\/uploads\/2023\/06\/\u0635.jpg 1200w, https:\/\/archive.sana.sy\/tr\/wp-content\/uploads\/2023\/06\/\u0635-300x180.jpg 300w, https:\/\/archive.sana.sy\/tr\/wp-content\/uploads\/2023\/06\/\u0635-1024x614.jpg 1024w, https:\/\/archive.sana.sy\/tr\/wp-content\/uploads\/2023\/06\/\u0635-768x460.jpg 768w\" sizes=\"auto, (max-width: 1200px) 100vw, 1200px\" \/><\/a><\/p>\n","protected":false},"excerpt":{"rendered":"<p>\u015eAM &#8211; Say\u0131n Cumhurba\u015fkan\u0131 Be\u015f\u015far Esad, Suriye&#8217;nin Arap Birli\u011fi Daimi Temsilcisi B\u00fcy\u00fckel\u00e7i Husammeddin Ala&#8217;y\u0131 kabul etti. Cumhurba\u015fkan\u0131 Esad, g\u00f6revlerini yerine getirmek i\u00e7in Kahire&#8217;ye gitmeden \u00f6nce B\u00fcy\u00fckel\u00e7i Ala&#8217;ya talimatlar\u0131n\u0131 verdi. Cumhurba\u015fkan\u0131 Esad, B\u00fcy\u00fckel\u00e7i Husammeddin Ala&#8217;n\u0131n Suriye Arap Cumhuriyeti&#8217;nin Arap Devletleri Birli\u011fi&#8217;ndeki daimi temsilcisi olarak atanmas\u0131n\u0131 \u00f6ng\u00f6ren 2023 tarihli 126 say\u0131l\u0131 Kararname \u00e7\u0131karm\u0131\u015ft\u0131.<\/p>\n","protected":false},"author":41,"featured_media":282442,"comment_status":"closed","ping_status":"closed","sticky":false,"template":"","format":"standard","meta":{"footnotes":""},"categories":[606,479,605,17988,478],"tags":[38219],"class_list":["post-282441","post","type-post","status-publish","format-standard","has-post-thumbnail","","category-cumhurbaskani","category-haberler-yerel","category-sayin-cumhurbaskani","category-son-haberler","category-yerel","tag-cumhurbaskani-esad"],"_links":{"self":[{"href":"https:\/\/archive.sana.sy\/tr\/index.php?rest_route=\/wp\/v2\/posts\/282441","targetHints":{"allow":["GET"]}}],"collection":[{"href":"https:\/\/archive.sana.sy\/tr\/index.php?rest_route=\/wp\/v2\/posts"}],"about":[{"href":"https:\/\/archive.sana.sy\/tr\/index.php?rest_route=\/wp\/v2\/types\/post"}],"author":[{"embeddable":true,"href":"https:\/\/archive.sana.sy\/tr\/index.php?rest_route=\/wp\/v2\/users\/41"}],"replies":[{"embeddable":true,"href":"https:\/\/archive.sana.sy\/tr\/index.php?rest_route=%2Fwp%2Fv2%2Fcomments&post=282441"}],"version-history":[{"count":0,"href":"https:\/\/archive.sana.sy\/tr\/index.php?rest_route=\/wp\/v2\/posts\/282441\/revisions"}],"wp:featuredmedia":[{"embeddable":true,"href":"https:\/\/archive.sana.sy\/tr\/index.php?rest_route=\/wp\/v2\/media\/282442"}],"wp:attachment":[{"href":"https:\/\/archive.sana.sy\/tr\/index.php?rest_route=%2Fwp%2Fv2%2Fmedia&parent=282441"}],"wp:term":[{"taxonomy":"category","embeddable":true,"href":"https:\/\/archive.sana.sy\/tr\/index.php?rest_route=%2Fwp%2Fv2%2Fcategories&post=282441"},{"taxonomy":"post_tag","embeddable":true,"href":"https:\/\/archive.sana.sy\/tr\/index.php?rest_route=%2Fwp%2Fv2%2Ftags&post=282441"}],"curies":[{"name":"wp","href":"https:\/\/api.w.org\/{rel}","templated":true}]}}