{"id":282456,"date":"2023-06-09T13:52:38","date_gmt":"2023-06-09T10:52:38","guid":{"rendered":"https:\/\/sana.sy\/tr\/?p=282456"},"modified":"2023-06-11T08:16:58","modified_gmt":"2023-06-11T05:16:58","slug":"insani-yardim-tasiyan-bae-ucagi-lazkiye-uluslararasi-havalimanina-ulasti","status":"publish","type":"post","link":"https:\/\/archive.sana.sy\/tr\/?p=282456","title":{"rendered":"\u0130nsani Yard\u0131m Ta\u015f\u0131yan BAE U\u00e7a\u011f\u0131, Lazkiye Uluslararas\u0131 Havaliman\u0131\u2019na Ula\u015ft\u0131"},"content":{"rendered":"<p><strong>LAZK\u0130YE<\/strong> \u2013 Depremden etkilenenlere bir BAE yard\u0131m u\u00e7a\u011f\u0131 bug\u00fcn Lazkiye Uluslararas\u0131 Havaliman\u0131&#8217;na geldi.<\/p>\n<p>Lazkiye Havaliman\u0131 M\u00fcd\u00fcr\u00fc Ziyad El Tevil, SANA muhabirine yapt\u0131\u011f\u0131 a\u00e7\u0131klamada, u\u00e7a\u011f\u0131n depremden etkilenen b\u00f6lgelerdeki sa\u011fl\u0131k sekt\u00f6r\u00fcn\u00fc desteklemek amac\u0131yla 30,8 ton yard\u0131m ve t\u0131bbi malzemesi ta\u015f\u0131d\u0131\u011f\u0131n\u0131 belirtti.<\/p>\n<p><a href=\"https:\/\/t.me\/SuriyeArapHaberAjansI\">Telegram Kanal\u0131m\u0131z\u00a0<\/a><\/p>\n<p><a href=\"https:\/\/www.facebook.com\/SANAHaberAjansi\/\">Facebook Sayfam\u0131z<\/a><\/p>\n<p><a href=\"https:\/\/twitter.com\/arap_ajans\">Twitter Hesab\u0131m\u0131z<\/a><\/p>\n","protected":false},"excerpt":{"rendered":"<p>LAZK\u0130YE \u2013 Depremden etkilenenlere bir BAE yard\u0131m u\u00e7a\u011f\u0131 bug\u00fcn Lazkiye Uluslararas\u0131 Havaliman\u0131&#8217;na geldi. Lazkiye Havaliman\u0131 M\u00fcd\u00fcr\u00fc Ziyad El Tevil, SANA muhabirine yapt\u0131\u011f\u0131 a\u00e7\u0131klamada, u\u00e7a\u011f\u0131n depremden etkilenen b\u00f6lgelerdeki sa\u011fl\u0131k sekt\u00f6r\u00fcn\u00fc desteklemek amac\u0131yla 30,8 ton yard\u0131m ve t\u0131bbi malzemesi ta\u015f\u0131d\u0131\u011f\u0131n\u0131 belirtti. Telegram Kanal\u0131m\u0131z\u00a0 Facebook Sayfam\u0131z Twitter Hesab\u0131m\u0131z<\/p>\n","protected":false},"author":39,"featured_media":282457,"comment_status":"closed","ping_status":"closed","sticky":false,"template":"","format":"standard","meta":{"footnotes":""},"categories":[479,17988,478],"tags":[],"class_list":["post-282456","post","type-post","status-publish","format-standard","has-post-thumbnail","","category-haberler-yerel","category-son-haberler","category-yerel"],"_links":{"self":[{"href":"https:\/\/archive.sana.sy\/tr\/index.php?rest_route=\/wp\/v2\/posts\/282456","targetHints":{"allow":["GET"]}}],"collection":[{"href":"https:\/\/archive.sana.sy\/tr\/index.php?rest_route=\/wp\/v2\/posts"}],"about":[{"href":"https:\/\/archive.sana.sy\/tr\/index.php?rest_route=\/wp\/v2\/types\/post"}],"author":[{"embeddable":true,"href":"https:\/\/archive.sana.sy\/tr\/index.php?rest_route=\/wp\/v2\/users\/39"}],"replies":[{"embeddable":true,"href":"https:\/\/archive.sana.sy\/tr\/index.php?rest_route=%2Fwp%2Fv2%2Fcomments&post=282456"}],"version-history":[{"count":0,"href":"https:\/\/archive.sana.sy\/tr\/index.php?rest_route=\/wp\/v2\/posts\/282456\/revisions"}],"wp:featuredmedia":[{"embeddable":true,"href":"https:\/\/archive.sana.sy\/tr\/index.php?rest_route=\/wp\/v2\/media\/282457"}],"wp:attachment":[{"href":"https:\/\/archive.sana.sy\/tr\/index.php?rest_route=%2Fwp%2Fv2%2Fmedia&parent=282456"}],"wp:term":[{"taxonomy":"category","embeddable":true,"href":"https:\/\/archive.sana.sy\/tr\/index.php?rest_route=%2Fwp%2Fv2%2Fcategories&post=282456"},{"taxonomy":"post_tag","embeddable":true,"href":"https:\/\/archive.sana.sy\/tr\/index.php?rest_route=%2Fwp%2Fv2%2Ftags&post=282456"}],"curies":[{"name":"wp","href":"https:\/\/api.w.org\/{rel}","templated":true}]}}