{"id":282459,"date":"2023-06-09T22:19:36","date_gmt":"2023-06-09T19:19:36","guid":{"rendered":"http:\/\/sana.sy\/tr\/?p=282459"},"modified":"2023-06-11T08:17:37","modified_gmt":"2023-06-11T05:17:37","slug":"suriyenin-katilimiyla-arap-buyukelcileri-konseyi-moskovada-toplandi","status":"publish","type":"post","link":"https:\/\/archive.sana.sy\/tr\/?p=282459","title":{"rendered":"Suriye&#8217;nin Kat\u0131l\u0131m\u0131yla.. Arap B\u00fcy\u00fckel\u00e7ileri Konseyi Moskova&#8217;da Topland\u0131"},"content":{"rendered":"<p><strong>MOSKOVA<\/strong> \u2013 Rusya Federasyonu Arap B\u00fcy\u00fckel\u00e7ileri Konseyi, Suriye&#8217;nin de kat\u0131l\u0131m\u0131yla Moskova&#8217;daki Arap Devletleri Birli\u011fi misyonunun merkezinde bug\u00fcn ola\u011fan toplant\u0131s\u0131n\u0131 ger\u00e7ekle\u015ftirdi.<\/p>\n<p>Sputnik&#8217;e g\u00f6re, Arap \u00fclkelerinin b\u00fcy\u00fckel\u00e7ileri ve temsilcileri, Filistin ve Sudan&#8217;daki mevcut durum da dahil olmak \u00fczere \u00e7e\u015fitli Arap meselelerindeki geli\u015fmeleri g\u00f6r\u00fc\u015ft\u00fcler.<\/p>\n<p>Ayr\u0131ca, Arap ve Rus ili\u015fkilerini her iki taraf\u0131n ortak \u00e7\u0131karlar\u0131na hizmet edecek \u015fekilde g\u00fc\u00e7lendirme olas\u0131l\u0131klar\u0131n\u0131 da g\u00f6r\u00fc\u015ft\u00fcler.<\/p>\n<p>G\u00f6r\u00fc\u015fmeye kat\u0131lan b\u00fcy\u00fckel\u00e7iler, Suriye&#8217;nin Moskova B\u00fcy\u00fckel\u00e7isi Dr. Be\u015far El Caferi&#8217;yi kar\u015f\u0131lad\u0131.<\/p>\n<p>Suriye&#8217;nin Arap Devletleri Ligi Konseyi toplant\u0131lar\u0131na kat\u0131l\u0131m\u0131n\u0131n yeniden ba\u015flamas\u0131ndan duyduklar\u0131 memnuniyeti ve ortak Arap \u00e7\u0131karlar\u0131na ula\u015fmak i\u00e7in Konsey \u00e7al\u0131\u015fmalar\u0131nda Suriye&#8217;nin aktif rol\u00fcne olan g\u00fcvenlerini ifade ettiler.<\/p>\n<p><a href=\"https:\/\/t.me\/SuriyeArapHaberAjansI\">Telegram Kanal\u0131m\u0131z\u00a0<\/a><\/p>\n<p><a href=\"https:\/\/www.facebook.com\/SANAHaberAjansi\/\">Facebook Sayfam\u0131z<\/a><\/p>\n<p><a href=\"https:\/\/twitter.com\/arap_ajans\">Twitter Hesab\u0131m\u0131z<\/a><\/p>\n","protected":false},"excerpt":{"rendered":"<p>MOSKOVA \u2013 Rusya Federasyonu Arap B\u00fcy\u00fckel\u00e7ileri Konseyi, Suriye&#8217;nin de kat\u0131l\u0131m\u0131yla Moskova&#8217;daki Arap Devletleri Birli\u011fi misyonunun merkezinde bug\u00fcn ola\u011fan toplant\u0131s\u0131n\u0131 ger\u00e7ekle\u015ftirdi. Sputnik&#8217;e g\u00f6re, Arap \u00fclkelerinin b\u00fcy\u00fckel\u00e7ileri ve temsilcileri, Filistin ve Sudan&#8217;daki mevcut durum da dahil olmak \u00fczere \u00e7e\u015fitli Arap meselelerindeki geli\u015fmeleri g\u00f6r\u00fc\u015ft\u00fcler. Ayr\u0131ca, Arap ve Rus ili\u015fkilerini her iki taraf\u0131n ortak \u00e7\u0131karlar\u0131na hizmet edecek \u015fekilde g\u00fc\u00e7lendirme &hellip;<\/p>\n","protected":false},"author":36,"featured_media":282460,"comment_status":"closed","ping_status":"closed","sticky":false,"template":"","format":"standard","meta":{"footnotes":""},"categories":[458,459,17988],"tags":[],"class_list":["post-282459","post","type-post","status-publish","format-standard","has-post-thumbnail","","category-dunya1","category-haberler-arap-uluslararasi-politika","category-son-haberler"],"_links":{"self":[{"href":"https:\/\/archive.sana.sy\/tr\/index.php?rest_route=\/wp\/v2\/posts\/282459","targetHints":{"allow":["GET"]}}],"collection":[{"href":"https:\/\/archive.sana.sy\/tr\/index.php?rest_route=\/wp\/v2\/posts"}],"about":[{"href":"https:\/\/archive.sana.sy\/tr\/index.php?rest_route=\/wp\/v2\/types\/post"}],"author":[{"embeddable":true,"href":"https:\/\/archive.sana.sy\/tr\/index.php?rest_route=\/wp\/v2\/users\/36"}],"replies":[{"embeddable":true,"href":"https:\/\/archive.sana.sy\/tr\/index.php?rest_route=%2Fwp%2Fv2%2Fcomments&post=282459"}],"version-history":[{"count":0,"href":"https:\/\/archive.sana.sy\/tr\/index.php?rest_route=\/wp\/v2\/posts\/282459\/revisions"}],"wp:featuredmedia":[{"embeddable":true,"href":"https:\/\/archive.sana.sy\/tr\/index.php?rest_route=\/wp\/v2\/media\/282460"}],"wp:attachment":[{"href":"https:\/\/archive.sana.sy\/tr\/index.php?rest_route=%2Fwp%2Fv2%2Fmedia&parent=282459"}],"wp:term":[{"taxonomy":"category","embeddable":true,"href":"https:\/\/archive.sana.sy\/tr\/index.php?rest_route=%2Fwp%2Fv2%2Fcategories&post=282459"},{"taxonomy":"post_tag","embeddable":true,"href":"https:\/\/archive.sana.sy\/tr\/index.php?rest_route=%2Fwp%2Fv2%2Ftags&post=282459"}],"curies":[{"name":"wp","href":"https:\/\/api.w.org\/{rel}","templated":true}]}}