{"id":282464,"date":"2023-06-10T12:03:42","date_gmt":"2023-06-10T09:03:42","guid":{"rendered":"http:\/\/sana.sy\/tr\/?p=282464"},"modified":"2023-06-12T11:49:42","modified_gmt":"2023-06-12T08:49:42","slug":"deradaki-busra-bolgesinden-yuzlerce-kisi-kapsamli-cozum-surecine-katilmak-icin-akin-etti","status":"publish","type":"post","link":"https:\/\/archive.sana.sy\/tr\/?p=282464","title":{"rendered":"Dera\u2019daki Busra B\u00f6lgesinden Y\u00fczlerce Ki\u015fi Kapsaml\u0131 \u00c7\u00f6z\u00fcm S\u00fcrecine Kat\u0131lmak \u0130\u00e7in Ak\u0131n Etti"},"content":{"rendered":"<p><strong>DERA<\/strong> \u2013 Dera \u0130linde devletin \u00f6nerdi\u011fi \u00e7\u00f6z\u00fcm \u015fartlar\u0131na g\u00f6re kapsaml\u0131 \u00e7\u00f6z\u00fcm s\u00fcreci devam ediyor.<\/p>\n<p>SANA muhabiri, bug\u00fcn Dera k\u0131rsal\u0131ndaki Busra b\u00f6lgesinden y\u00fczlerce ki\u015finin Dera \u015fehir merkezindeki Huriyyat Saray\u0131 merkezindeki kapsaml\u0131 \u00e7\u00f6z\u00fcm s\u00fcrecine kat\u0131lmak i\u00e7in ak\u0131n etti\u011fini bildirdi.<\/p>\n<p><a href=\"https:\/\/t.me\/SuriyeArapHaberAjansI\">Telegram Kanal\u0131m\u0131z\u00a0<\/a><\/p>\n<p><a href=\"https:\/\/www.facebook.com\/SANAHaberAjansi\/\">Facebook Sayfam\u0131z<\/a><\/p>\n<p><a href=\"https:\/\/twitter.com\/arap_ajans\">Twitter Hesab\u0131m\u0131z<\/a><\/p>\n","protected":false},"excerpt":{"rendered":"<p>DERA \u2013 Dera \u0130linde devletin \u00f6nerdi\u011fi \u00e7\u00f6z\u00fcm \u015fartlar\u0131na g\u00f6re kapsaml\u0131 \u00e7\u00f6z\u00fcm s\u00fcreci devam ediyor. SANA muhabiri, bug\u00fcn Dera k\u0131rsal\u0131ndaki Busra b\u00f6lgesinden y\u00fczlerce ki\u015finin Dera \u015fehir merkezindeki Huriyyat Saray\u0131 merkezindeki kapsaml\u0131 \u00e7\u00f6z\u00fcm s\u00fcrecine kat\u0131lmak i\u00e7in ak\u0131n etti\u011fini bildirdi. Telegram Kanal\u0131m\u0131z\u00a0 Facebook Sayfam\u0131z Twitter Hesab\u0131m\u0131z<\/p>\n","protected":false},"author":36,"featured_media":282465,"comment_status":"closed","ping_status":"closed","sticky":false,"template":"","format":"standard","meta":{"footnotes":""},"categories":[479,575,17988,478],"tags":[],"class_list":["post-282464","post","type-post","status-publish","format-standard","has-post-thumbnail","","category-haberler-yerel","category-olaylar-ve-gercekler","category-son-haberler","category-yerel"],"_links":{"self":[{"href":"https:\/\/archive.sana.sy\/tr\/index.php?rest_route=\/wp\/v2\/posts\/282464","targetHints":{"allow":["GET"]}}],"collection":[{"href":"https:\/\/archive.sana.sy\/tr\/index.php?rest_route=\/wp\/v2\/posts"}],"about":[{"href":"https:\/\/archive.sana.sy\/tr\/index.php?rest_route=\/wp\/v2\/types\/post"}],"author":[{"embeddable":true,"href":"https:\/\/archive.sana.sy\/tr\/index.php?rest_route=\/wp\/v2\/users\/36"}],"replies":[{"embeddable":true,"href":"https:\/\/archive.sana.sy\/tr\/index.php?rest_route=%2Fwp%2Fv2%2Fcomments&post=282464"}],"version-history":[{"count":0,"href":"https:\/\/archive.sana.sy\/tr\/index.php?rest_route=\/wp\/v2\/posts\/282464\/revisions"}],"wp:featuredmedia":[{"embeddable":true,"href":"https:\/\/archive.sana.sy\/tr\/index.php?rest_route=\/wp\/v2\/media\/282465"}],"wp:attachment":[{"href":"https:\/\/archive.sana.sy\/tr\/index.php?rest_route=%2Fwp%2Fv2%2Fmedia&parent=282464"}],"wp:term":[{"taxonomy":"category","embeddable":true,"href":"https:\/\/archive.sana.sy\/tr\/index.php?rest_route=%2Fwp%2Fv2%2Fcategories&post=282464"},{"taxonomy":"post_tag","embeddable":true,"href":"https:\/\/archive.sana.sy\/tr\/index.php?rest_route=%2Fwp%2Fv2%2Ftags&post=282464"}],"curies":[{"name":"wp","href":"https:\/\/api.w.org\/{rel}","templated":true}]}}