{"id":282514,"date":"2023-06-11T12:16:28","date_gmt":"2023-06-11T09:16:28","guid":{"rendered":"https:\/\/sana.sy\/tr\/?p=282514"},"modified":"2023-06-12T08:18:41","modified_gmt":"2023-06-12T05:18:41","slug":"isgalci-amerikan-gucleri-hava-indirme-operasyonunda-bir-sivil-sehit-dustu-digerleri-de-yaralandi","status":"publish","type":"post","link":"https:\/\/archive.sana.sy\/tr\/?p=282514","title":{"rendered":"\u0130\u015fgalci Amerikan G\u00fc\u00e7leri Hava \u0130ndirme Operasyonunda Bir Sivil \u015eehit D\u00fc\u015ft\u00fc, Di\u011ferleri De Yaraland\u0131"},"content":{"rendered":"<p><strong>HASEKE<\/strong> \u2013 Amerikan i\u015fgal g\u00fc\u00e7leri bu sabah Haseke&#8217;nin g\u00fcney k\u0131rsal\u0131nda d\u00fczenledi\u011fi hava indirme operasyonu esnas\u0131nda bir sivil hayat\u0131n\u0131 kaybetti ve di\u011ferleri de yaraland\u0131.<\/p>\n<p>Yerel Kaynaklar SANA muhabirine yapt\u0131\u011f\u0131 a\u00e7\u0131klamada, Amerikan i\u015fgal u\u00e7aklar\u0131n\u0131n ve ona ba\u011fl\u0131 &#8220;DSG&#8221; milislerinin deste\u011fiyle, Haseke&#8217;nin g\u00fcney k\u0131rsal\u0131ndaki Salham k\u00f6y\u00fcne, sakinlerin evlerine ve \u00e7evredeki tar\u0131m arazilere ate\u015f ederek hava indirme operasyonu d\u00fczenledi\u011fini belirtti.<\/p>\n<p>Kaynaklar ayr\u0131ca, Amerikan i\u015fgal g\u00fc\u00e7lerinin ve &#8220;DSG&#8221; milislerinin k\u00f6y\u00fc ku\u015fatt\u0131\u011f\u0131n\u0131 ve k\u00f6yden \u00e7\u0131kmaya \u00e7al\u0131\u015fan sakinlerin \u00fczerine ate\u015f a\u00e7arak bir sivilin \u015fehit d\u00fc\u015fmesine ve di\u011ferlerinin de yaralanmas\u0131na yol a\u00e7t\u0131\u011f\u0131na i\u015faret etti.<\/p>\n<p><a href=\"https:\/\/t.me\/SuriyeArapHaberAjansI\">Telegram Kanal\u0131m\u0131z\u00a0<\/a><\/p>\n<p><a href=\"https:\/\/www.facebook.com\/SANAHaberAjansi\/\">Facebook Sayfam\u0131z<\/a><\/p>\n<p><a href=\"https:\/\/twitter.com\/arap_ajans\">Twitter Hesab\u0131m\u0131z<\/a><\/p>\n","protected":false},"excerpt":{"rendered":"<p>HASEKE \u2013 Amerikan i\u015fgal g\u00fc\u00e7leri bu sabah Haseke&#8217;nin g\u00fcney k\u0131rsal\u0131nda d\u00fczenledi\u011fi hava indirme operasyonu esnas\u0131nda bir sivil hayat\u0131n\u0131 kaybetti ve di\u011ferleri de yaraland\u0131. Yerel Kaynaklar SANA muhabirine yapt\u0131\u011f\u0131 a\u00e7\u0131klamada, Amerikan i\u015fgal u\u00e7aklar\u0131n\u0131n ve ona ba\u011fl\u0131 &#8220;DSG&#8221; milislerinin deste\u011fiyle, Haseke&#8217;nin g\u00fcney k\u0131rsal\u0131ndaki Salham k\u00f6y\u00fcne, sakinlerin evlerine ve \u00e7evredeki tar\u0131m arazilere ate\u015f ederek hava indirme operasyonu d\u00fczenledi\u011fini &hellip;<\/p>\n","protected":false},"author":39,"featured_media":282515,"comment_status":"closed","ping_status":"closed","sticky":false,"template":"","format":"standard","meta":{"footnotes":""},"categories":[479,575,17988,478],"tags":[],"class_list":["post-282514","post","type-post","status-publish","format-standard","has-post-thumbnail","","category-haberler-yerel","category-olaylar-ve-gercekler","category-son-haberler","category-yerel"],"_links":{"self":[{"href":"https:\/\/archive.sana.sy\/tr\/index.php?rest_route=\/wp\/v2\/posts\/282514","targetHints":{"allow":["GET"]}}],"collection":[{"href":"https:\/\/archive.sana.sy\/tr\/index.php?rest_route=\/wp\/v2\/posts"}],"about":[{"href":"https:\/\/archive.sana.sy\/tr\/index.php?rest_route=\/wp\/v2\/types\/post"}],"author":[{"embeddable":true,"href":"https:\/\/archive.sana.sy\/tr\/index.php?rest_route=\/wp\/v2\/users\/39"}],"replies":[{"embeddable":true,"href":"https:\/\/archive.sana.sy\/tr\/index.php?rest_route=%2Fwp%2Fv2%2Fcomments&post=282514"}],"version-history":[{"count":0,"href":"https:\/\/archive.sana.sy\/tr\/index.php?rest_route=\/wp\/v2\/posts\/282514\/revisions"}],"wp:featuredmedia":[{"embeddable":true,"href":"https:\/\/archive.sana.sy\/tr\/index.php?rest_route=\/wp\/v2\/media\/282515"}],"wp:attachment":[{"href":"https:\/\/archive.sana.sy\/tr\/index.php?rest_route=%2Fwp%2Fv2%2Fmedia&parent=282514"}],"wp:term":[{"taxonomy":"category","embeddable":true,"href":"https:\/\/archive.sana.sy\/tr\/index.php?rest_route=%2Fwp%2Fv2%2Fcategories&post=282514"},{"taxonomy":"post_tag","embeddable":true,"href":"https:\/\/archive.sana.sy\/tr\/index.php?rest_route=%2Fwp%2Fv2%2Ftags&post=282514"}],"curies":[{"name":"wp","href":"https:\/\/api.w.org\/{rel}","templated":true}]}}