{"id":282532,"date":"2023-06-11T16:01:47","date_gmt":"2023-06-11T13:01:47","guid":{"rendered":"http:\/\/sana.sy\/tr\/?p=282532"},"modified":"2023-06-12T08:19:24","modified_gmt":"2023-06-12T05:19:24","slug":"sosyal-isler-bakani-unicefin-suriyedeki-yerlesik-temsilcisiyle-ortak-program-ve-projeleri-gorustu","status":"publish","type":"post","link":"https:\/\/archive.sana.sy\/tr\/?p=282532","title":{"rendered":"Sosyal \u0130\u015fler Bakan\u0131, UNICEF&#8217;in Suriye&#8217;deki Yerle\u015fik Temsilcisiyle Ortak Program Ve Projeleri G\u00f6r\u00fc\u015ft\u00fc"},"content":{"rendered":"<p><strong>\u015eAM<\/strong> &#8211; Bug\u00fcn Sosyal \u0130\u015fler ve \u00c7al\u0131\u015fma Bakan\u0131 Luey El M\u00fcncid, \u201cUNICEF\u201din Suriye Mukim Temsilcisi Yasuo Masakimura ile ortak \u00e7\u0131karlara y\u00f6nelik program ve projeleri ve bunlar\u0131 geli\u015ftirme yollar\u0131n\u0131 g\u00f6r\u00fc\u015ft\u00fc.<\/p>\n<p>\u0130ki taraf, engelli \u00e7ocuklara y\u00f6nelik sosyal koruma programlar\u0131, \u00e7ocukluk koruma, psikososyal destek ve ruh sa\u011fl\u0131\u011f\u0131, psikososyal destek y\u00f6nergeleri ve bunlar\u0131 ba\u015farmak i\u00e7in i\u015fbirli\u011fi mekanizmalar\u0131 ile ilgili bir dizi konuyu g\u00f6r\u00fc\u015ft\u00fc.<\/p>\n<p>Bakan El M\u00fcncid, Suriye Aile ve N\u00fcfus \u0130\u015fleri Komisyonu taraf\u0131ndan y\u00f6netilen ve bir\u00e7ok alan\u0131 ele alan pratik bir plana g\u00f6re ortak teknik toplant\u0131lar d\u00fczenlemenin \u00f6nemini vurgulayarak, varsa zorluklar\u0131n a\u015f\u0131labilmesi i\u00e7in mevcut planlar\u0131n g\u00f6zden ge\u00e7irilerek gerekli notlar\u0131n ve \u00f6nerilerin \u00fczerine konulmas\u0131n\u0131n \u00f6nemine i\u015faret etti.<\/p>\n<p>UNICEF&#8217;in Suriye Mukim Temsilcisi ise \u00f6rg\u00fct\u00fcn, Gelecekte ortak \u00e7al\u0131\u015fmalara olumlu yans\u0131yacak olan bakanl\u0131k ile i\u015fbirli\u011fi ve e\u015fg\u00fcd\u00fcm\u00fcn g\u00fc\u00e7lendirilmesi gerekti\u011finin alt\u0131n\u0131 \u00e7izerek, \u00e7al\u0131\u015fma \u00f6nceliklerine g\u00f6re hayata ge\u00e7irmek istedi\u011fi projelerde Bakanl\u0131\u011f\u0131 desteklemeye haz\u0131r oldu\u011funu ifade etti.<\/p>\n<p>R.M<\/p>\n<p><a href=\"https:\/\/t.me\/SuriyeArapHaberAjansI\">Telegram Kanal\u0131m\u0131z\u00a0<\/a><\/p>\n<p><a href=\"https:\/\/www.facebook.com\/SANAHaberAjansi\/\">Facebook Sayfam\u0131z<\/a><\/p>\n<p><a href=\"https:\/\/twitter.com\/arap_ajans\">Twitter Hesab\u0131m\u0131z<\/a><\/p>\n","protected":false},"excerpt":{"rendered":"<p>\u015eAM &#8211; Bug\u00fcn Sosyal \u0130\u015fler ve \u00c7al\u0131\u015fma Bakan\u0131 Luey El M\u00fcncid, \u201cUNICEF\u201din Suriye Mukim Temsilcisi Yasuo Masakimura ile ortak \u00e7\u0131karlara y\u00f6nelik program ve projeleri ve bunlar\u0131 geli\u015ftirme yollar\u0131n\u0131 g\u00f6r\u00fc\u015ft\u00fc. \u0130ki taraf, engelli \u00e7ocuklara y\u00f6nelik sosyal koruma programlar\u0131, \u00e7ocukluk koruma, psikososyal destek ve ruh sa\u011fl\u0131\u011f\u0131, psikososyal destek y\u00f6nergeleri ve bunlar\u0131 ba\u015farmak i\u00e7in i\u015fbirli\u011fi mekanizmalar\u0131 ile ilgili &hellip;<\/p>\n","protected":false},"author":41,"featured_media":282533,"comment_status":"closed","ping_status":"closed","sticky":false,"template":"","format":"standard","meta":{"footnotes":""},"categories":[479,17988,478],"tags":[38261,19666,19557,38260],"class_list":["post-282532","post","type-post","status-publish","format-standard","has-post-thumbnail","","category-haberler-yerel","category-son-haberler","category-yerel","tag-suriyedeki-hayat-gidisati","tag-suriyedeki-son-durum","tag-unicef","tag-yasuo-masakimura"],"_links":{"self":[{"href":"https:\/\/archive.sana.sy\/tr\/index.php?rest_route=\/wp\/v2\/posts\/282532","targetHints":{"allow":["GET"]}}],"collection":[{"href":"https:\/\/archive.sana.sy\/tr\/index.php?rest_route=\/wp\/v2\/posts"}],"about":[{"href":"https:\/\/archive.sana.sy\/tr\/index.php?rest_route=\/wp\/v2\/types\/post"}],"author":[{"embeddable":true,"href":"https:\/\/archive.sana.sy\/tr\/index.php?rest_route=\/wp\/v2\/users\/41"}],"replies":[{"embeddable":true,"href":"https:\/\/archive.sana.sy\/tr\/index.php?rest_route=%2Fwp%2Fv2%2Fcomments&post=282532"}],"version-history":[{"count":0,"href":"https:\/\/archive.sana.sy\/tr\/index.php?rest_route=\/wp\/v2\/posts\/282532\/revisions"}],"wp:featuredmedia":[{"embeddable":true,"href":"https:\/\/archive.sana.sy\/tr\/index.php?rest_route=\/wp\/v2\/media\/282533"}],"wp:attachment":[{"href":"https:\/\/archive.sana.sy\/tr\/index.php?rest_route=%2Fwp%2Fv2%2Fmedia&parent=282532"}],"wp:term":[{"taxonomy":"category","embeddable":true,"href":"https:\/\/archive.sana.sy\/tr\/index.php?rest_route=%2Fwp%2Fv2%2Fcategories&post=282532"},{"taxonomy":"post_tag","embeddable":true,"href":"https:\/\/archive.sana.sy\/tr\/index.php?rest_route=%2Fwp%2Fv2%2Ftags&post=282532"}],"curies":[{"name":"wp","href":"https:\/\/api.w.org\/{rel}","templated":true}]}}