{"id":282535,"date":"2023-06-11T16:18:38","date_gmt":"2023-06-11T13:18:38","guid":{"rendered":"http:\/\/sana.sy\/tr\/?p=282535"},"modified":"2023-06-12T08:19:30","modified_gmt":"2023-06-12T05:19:30","slug":"ekonomik-isbirligi-ve-ticaret-alisverisini-gelistirmek-icin-suriye-bae-gorusmeleri","status":"publish","type":"post","link":"https:\/\/archive.sana.sy\/tr\/?p=282535","title":{"rendered":"Ekonomik \u0130\u015fbirli\u011fi Ve Ticaret Al\u0131\u015fveri\u015fini Geli\u015ftirmek \u0130\u00e7in Suriye-BAE\u00a0 G\u00f6r\u00fc\u015fmeleri"},"content":{"rendered":"<p><strong>\u015eAM<\/strong> &#8211; \u0130\u00e7 Ticaret ve T\u00fcketiciyi Koruma Bakan\u0131 Mushen\u00a0 Abdulkerim Ali, \u015eam&#8217;daki BAE B\u00fcy\u00fckel\u00e7ili\u011fi Maslahatg\u00fczar\u0131 Abdulhekim El Nueymi ile Suriye ile BAE aras\u0131nda ekonomik i\u015fbirli\u011fi ili\u015fkileri ve ticaret al\u0131\u015fveri\u015fini geli\u015ftirmenin yollar\u0131n\u0131 g\u00f6r\u00fc\u015ft\u00fc.<\/p>\n<p>Bakan Ali, iki \u00fclke ve iki karde\u015f halk aras\u0131ndaki ili\u015fkilerin derinli\u011fine dikkat \u00e7ekerek, ortak \u00e7al\u0131\u015fmalar\u0131n geli\u015ftirilmesine katk\u0131 sa\u011flayacak t\u00fcm kolayl\u0131klar\u0131n sa\u011flanmas\u0131 ve iki \u00fclkenin ortak \u00e7\u0131karlar\u0131n\u0131 g\u00f6zetecek \u015fekilde ileri a\u015famalara \u00e7\u0131kar\u0131lmas\u0131 i\u00e7in \u00e7al\u0131\u015f\u0131ld\u0131\u011f\u0131n\u0131 vurgulad\u0131.<\/p>\n<p>Buna kar\u015f\u0131l\u0131k El Nueymi, ortak \u00e7\u0131karlar\u0131 ilgilendiren ticari meseleleri, gelecekteki i\u015fbirli\u011fi umutlar\u0131n\u0131 tart\u0131\u015fman\u0131n ve Suriye taraf\u0131yla ger\u00e7ek ortakl\u0131klar kurman\u0131n \u00f6nemine i\u015faret etti.<\/p>\n<p>&nbsp;<\/p>\n<p>R.M<\/p>\n<p><a href=\"https:\/\/t.me\/SuriyeArapHaberAjansI\">Telegram Kanal\u0131m\u0131z\u00a0<\/a><\/p>\n<p><a href=\"https:\/\/www.facebook.com\/SANAHaberAjansi\/\">Facebook Sayfam\u0131z<\/a><\/p>\n<p><a href=\"https:\/\/twitter.com\/arap_ajans\">Twitter Hesab\u0131m\u0131z<\/a><\/p>\n","protected":false},"excerpt":{"rendered":"<p>\u015eAM &#8211; \u0130\u00e7 Ticaret ve T\u00fcketiciyi Koruma Bakan\u0131 Mushen\u00a0 Abdulkerim Ali, \u015eam&#8217;daki BAE B\u00fcy\u00fckel\u00e7ili\u011fi Maslahatg\u00fczar\u0131 Abdulhekim El Nueymi ile Suriye ile BAE aras\u0131nda ekonomik i\u015fbirli\u011fi ili\u015fkileri ve ticaret al\u0131\u015fveri\u015fini geli\u015ftirmenin yollar\u0131n\u0131 g\u00f6r\u00fc\u015ft\u00fc. Bakan Ali, iki \u00fclke ve iki karde\u015f halk aras\u0131ndaki ili\u015fkilerin derinli\u011fine dikkat \u00e7ekerek, ortak \u00e7al\u0131\u015fmalar\u0131n geli\u015ftirilmesine katk\u0131 sa\u011flayacak t\u00fcm kolayl\u0131klar\u0131n sa\u011flanmas\u0131 ve iki &hellip;<\/p>\n","protected":false},"author":41,"featured_media":282536,"comment_status":"closed","ping_status":"closed","sticky":false,"template":"","format":"standard","meta":{"footnotes":""},"categories":[479,17988,478],"tags":[],"class_list":["post-282535","post","type-post","status-publish","format-standard","has-post-thumbnail","","category-haberler-yerel","category-son-haberler","category-yerel"],"_links":{"self":[{"href":"https:\/\/archive.sana.sy\/tr\/index.php?rest_route=\/wp\/v2\/posts\/282535","targetHints":{"allow":["GET"]}}],"collection":[{"href":"https:\/\/archive.sana.sy\/tr\/index.php?rest_route=\/wp\/v2\/posts"}],"about":[{"href":"https:\/\/archive.sana.sy\/tr\/index.php?rest_route=\/wp\/v2\/types\/post"}],"author":[{"embeddable":true,"href":"https:\/\/archive.sana.sy\/tr\/index.php?rest_route=\/wp\/v2\/users\/41"}],"replies":[{"embeddable":true,"href":"https:\/\/archive.sana.sy\/tr\/index.php?rest_route=%2Fwp%2Fv2%2Fcomments&post=282535"}],"version-history":[{"count":0,"href":"https:\/\/archive.sana.sy\/tr\/index.php?rest_route=\/wp\/v2\/posts\/282535\/revisions"}],"wp:featuredmedia":[{"embeddable":true,"href":"https:\/\/archive.sana.sy\/tr\/index.php?rest_route=\/wp\/v2\/media\/282536"}],"wp:attachment":[{"href":"https:\/\/archive.sana.sy\/tr\/index.php?rest_route=%2Fwp%2Fv2%2Fmedia&parent=282535"}],"wp:term":[{"taxonomy":"category","embeddable":true,"href":"https:\/\/archive.sana.sy\/tr\/index.php?rest_route=%2Fwp%2Fv2%2Fcategories&post=282535"},{"taxonomy":"post_tag","embeddable":true,"href":"https:\/\/archive.sana.sy\/tr\/index.php?rest_route=%2Fwp%2Fv2%2Ftags&post=282535"}],"curies":[{"name":"wp","href":"https:\/\/api.w.org\/{rel}","templated":true}]}}