{"id":282539,"date":"2023-06-11T16:31:04","date_gmt":"2023-06-11T13:31:04","guid":{"rendered":"http:\/\/sana.sy\/tr\/?p=282539"},"modified":"2023-06-12T08:20:03","modified_gmt":"2023-06-12T05:20:03","slug":"suriye-olimpiyat-futbol-takimi-bati-asya-sampiyonasina-katilimini-baslatiyor","status":"publish","type":"post","link":"https:\/\/archive.sana.sy\/tr\/?p=282539","title":{"rendered":"Suriye Olimpiyat Futbol Tak\u0131m\u0131, Bat\u0131 Asya \u015eampiyonas\u0131&#8217;na Kat\u0131l\u0131m\u0131n\u0131 Ba\u015flat\u0131yor"},"content":{"rendered":"<p><strong>BA\u011eDAT<\/strong> &#8211; Suriye Olimpiyat futbol tak\u0131m\u0131, yar\u0131n Filistin milli tak\u0131m\u0131yla bir araya gelerek, bu ay\u0131n 20&#8217;sine kadar Irak&#8217;\u0131n ba\u015fkenti Ba\u011fdat&#8217;\u0131n ev sahipli\u011finde ger\u00e7ekle\u015ftirilecek olan U-23 Bat\u0131 Asya \u015eampiyonas\u0131&#8217;na kat\u0131l\u0131m\u0131n\u0131 a\u00e7acak.<\/p>\n<p>Tak\u0131m\u0131m\u0131z \u0130ran&#8217;\u0131n da i\u00e7inde bulundu\u011fu 2. grupta yer al\u0131yor. Turnuva sistemi, en iyi ikinci s\u0131radaki tak\u0131ma ek olarak, turnuvan\u0131n \u00fc\u00e7 grubunda birinci olan tak\u0131mlar\u0131n kalifikasyonunu sa\u011flar.<\/p>\n<p>Turnuvan\u0131n bas\u0131n toplant\u0131s\u0131nda milli tak\u0131m teknik direkt\u00f6r\u00fcm\u00fcz Mark Fota, \u00f6n\u00fcm\u00fczdeki Eyl\u00fcl ay\u0131nda yap\u0131lacak Asya elemeleri i\u00e7in oyuncular i\u00e7in \u00f6nemli bir durak oldu\u011fu i\u00e7in bu turnuvaya kat\u0131lman\u0131n \u00f6nemine dikkat \u00e7ekti.<\/p>\n<p>R.M<\/p>\n<p><a href=\"https:\/\/t.me\/SuriyeArapHaberAjansI\">Telegram Kanal\u0131m\u0131z\u00a0<\/a><\/p>\n<p><a href=\"https:\/\/www.facebook.com\/SANAHaberAjansi\/\">Facebook Sayfam\u0131z<\/a><\/p>\n<p><a href=\"https:\/\/twitter.com\/arap_ajans\">Twitter Hesab\u0131m\u0131z<\/a><\/p>\n","protected":false},"excerpt":{"rendered":"<p>BA\u011eDAT &#8211; Suriye Olimpiyat futbol tak\u0131m\u0131, yar\u0131n Filistin milli tak\u0131m\u0131yla bir araya gelerek, bu ay\u0131n 20&#8217;sine kadar Irak&#8217;\u0131n ba\u015fkenti Ba\u011fdat&#8217;\u0131n ev sahipli\u011finde ger\u00e7ekle\u015ftirilecek olan U-23 Bat\u0131 Asya \u015eampiyonas\u0131&#8217;na kat\u0131l\u0131m\u0131n\u0131 a\u00e7acak. Tak\u0131m\u0131m\u0131z \u0130ran&#8217;\u0131n da i\u00e7inde bulundu\u011fu 2. grupta yer al\u0131yor. Turnuva sistemi, en iyi ikinci s\u0131radaki tak\u0131ma ek olarak, turnuvan\u0131n \u00fc\u00e7 grubunda birinci olan tak\u0131mlar\u0131n kalifikasyonunu &hellip;<\/p>\n","protected":false},"author":41,"featured_media":282540,"comment_status":"closed","ping_status":"closed","sticky":false,"template":"","format":"standard","meta":{"footnotes":""},"categories":[458,498,459,496],"tags":[19043,25392,23245],"class_list":["post-282539","post","type-post","status-publish","format-standard","has-post-thumbnail","","category-dunya1","category-dunya-turnuvalari","category-haberler-arap-uluslararasi-politika","category-spor","tag-suriyede-son-durum","tag-suriyede-futbol","tag-suriyedeki-savas"],"_links":{"self":[{"href":"https:\/\/archive.sana.sy\/tr\/index.php?rest_route=\/wp\/v2\/posts\/282539","targetHints":{"allow":["GET"]}}],"collection":[{"href":"https:\/\/archive.sana.sy\/tr\/index.php?rest_route=\/wp\/v2\/posts"}],"about":[{"href":"https:\/\/archive.sana.sy\/tr\/index.php?rest_route=\/wp\/v2\/types\/post"}],"author":[{"embeddable":true,"href":"https:\/\/archive.sana.sy\/tr\/index.php?rest_route=\/wp\/v2\/users\/41"}],"replies":[{"embeddable":true,"href":"https:\/\/archive.sana.sy\/tr\/index.php?rest_route=%2Fwp%2Fv2%2Fcomments&post=282539"}],"version-history":[{"count":0,"href":"https:\/\/archive.sana.sy\/tr\/index.php?rest_route=\/wp\/v2\/posts\/282539\/revisions"}],"wp:featuredmedia":[{"embeddable":true,"href":"https:\/\/archive.sana.sy\/tr\/index.php?rest_route=\/wp\/v2\/media\/282540"}],"wp:attachment":[{"href":"https:\/\/archive.sana.sy\/tr\/index.php?rest_route=%2Fwp%2Fv2%2Fmedia&parent=282539"}],"wp:term":[{"taxonomy":"category","embeddable":true,"href":"https:\/\/archive.sana.sy\/tr\/index.php?rest_route=%2Fwp%2Fv2%2Fcategories&post=282539"},{"taxonomy":"post_tag","embeddable":true,"href":"https:\/\/archive.sana.sy\/tr\/index.php?rest_route=%2Fwp%2Fv2%2Ftags&post=282539"}],"curies":[{"name":"wp","href":"https:\/\/api.w.org\/{rel}","templated":true}]}}