{"id":282560,"date":"2023-06-11T13:03:50","date_gmt":"2023-06-11T10:03:50","guid":{"rendered":"http:\/\/sana.sy\/tr\/?p=282560"},"modified":"2023-06-12T08:19:16","modified_gmt":"2023-06-12T05:19:16","slug":"rus-ordusu-ukrayna-topcu-ve-tanklarini-imha-etti-bir-savas-ucagi-ile-8-ihayi-dusurdu","status":"publish","type":"post","link":"https:\/\/archive.sana.sy\/tr\/?p=282560","title":{"rendered":"Rus Ordusu Ukrayna Top\u00e7u Ve Tanklar\u0131n\u0131 \u0130mha Etti, Bir Sava\u015f U\u00e7a\u011f\u0131 \u0130le 8 \u0130HA\u2019y\u0131 D\u00fc\u015f\u00fcrd\u00fc"},"content":{"rendered":"<p><strong>MOSKOVA<\/strong> &#8211; Rusya Savunma Bakanl\u0131\u011f\u0131, \u00f6zel askeri operasyonun son 24 saat i\u00e7inde m\u00fchimmat depolar\u0131, kunda\u011f\u0131 motorlu silahlar ve Ukrayna tanklar\u0131n\u0131n imha edilmesinin yan\u0131 s\u0131ra bir sava\u015f u\u00e7a\u011f\u0131 ve 8 insans\u0131z hava arac\u0131n\u0131n d\u00fc\u015f\u00fcr\u00fclmesiyle sonu\u00e7land\u0131\u011f\u0131n\u0131 a\u00e7\u0131klad\u0131.<\/p>\n<p><strong><span style=\"color: #0000ff;\">Bakanl\u0131k g\u00fcnl\u00fck raporuna g\u00f6re,<\/span> <\/strong><\/p>\n<ul>\n<li>Rus kuvvetleri Zaporozhye eksenindeki \u00fc\u00e7 Ukrayna sald\u0131r\u0131 giri\u015fimini p\u00fcsk\u00fcrtt\u00fc.<\/li>\n<li>Da\u011f Sald\u0131r\u0131 Grubu vuruldu ve Ukrayna kuvvetlerinin toplam kay\u0131plar\u0131 50&#8217;den fazla militan, 3 Leopard tank\u0131, \u0130ngiliz yap\u0131m\u0131 u\u00e7aksavar f\u00fcze sistemi ve Amerikan yap\u0131m\u0131 top\u00e7u sistemi imha edildi.<\/li>\n<li>Donetsk ekseninde Mariinka ve Avdiivka b\u00f6lgeleri \u015fiddetli \u00e7at\u0131\u015fmalara sahne olurken, Ukrayna kuvvetlerine ba\u011fl\u0131 110&#8217;uncu Mekanize T\u00fcmen, 1&#8217;inci Tank, 59&#8217;uncu Mekanize Piyade ve 79&#8217;uncu Hava Taarruz Tugay\u0131 birliklerince ba\u015flat\u0131lan 8 sald\u0131r\u0131 p\u00fcsk\u00fcrt\u00fcld\u00fc.<\/li>\n<li>310&#8217;a kadar militan ortadan kald\u0131r\u0131ld\u0131, iki ob\u00fcs imha edildi.<\/li>\n<li>Ukrayna kuvvetlerinin Donetsk&#8217;teki 63. Mekanize Piyade ve 53. Mekanize Tugaylar\u0131n\u0131n m\u00fchimmat depolar\u0131 da imha edildi.<\/li>\n<\/ul>\n<p><strong><span style=\"color: #0000ff;\">Rapora g\u00f6re ayr\u0131ca,<\/span> <\/strong><\/p>\n<ul>\n<li>Kobyansk ekseninde Ukraynal\u0131 bir sabotaj ve ke\u015fif grubunun Novomlinsk&#8217;teki faaliyetleri engellendi, 30&#8217;a yak\u0131n militan tasfiye edildi, kunda\u011f\u0131 motorlu toplar imha edildi.<\/li>\n<li>Krasny Limansk ekseninde Rus kuvvetleri, Ukraynal\u0131 bir ke\u015fif ve sabotaj grubunun Torskoye&#8217;deki faaliyetlerini engelledi ve 50&#8217;den fazla Ukraynal\u0131 militan\u0131n yan\u0131 s\u0131ra kunda\u011f\u0131 motorlu toplar\u0131n imhas\u0131 da durduruldu.<\/li>\n<li>Rapora g\u00f6re, Herson ekseninde 30&#8217;dan fazla militan imha edildi ve bir u\u00e7aksavar f\u00fcze sistemi ve kunda\u011f\u0131 motorlu top\u00e7u sava\u015f arac\u0131 imha edildi.<\/li>\n<li>Raporda, Ukrayna kuvvetlerinin 47. Mekanize Tugay\u0131&#8217;n\u0131n komuta merkezinin Zaporozhye b\u00f6lgesindeki Orekhov \u015fehri yak\u0131nlar\u0131nda hedef al\u0131nd\u0131\u011f\u0131 belirtildi.<\/li>\n<li>Ukrayna kuvvetlerinin 65. mekanize tugay\u0131n\u0131n ileti\u015fim merkezi, yine Zaporozhye b\u00f6lgesindeki Kirovo k\u00f6y\u00fc yak\u0131nlar\u0131nda imha edildi.<\/li>\n<li>Herson b\u00f6lgesinde Ukraynal\u0131 bir Su-25 sava\u015f u\u00e7a\u011f\u0131, Donetsk ve Zaporozhye&#8217;de ise 8 Ukraynal\u0131 insans\u0131z hava arac\u0131 d\u00fc\u015f\u00fcr\u00fcld\u00fc.<\/li>\n<\/ul>\n<p>&nbsp;<\/p>\n<p>R.M<\/p>\n<p><a href=\"https:\/\/t.me\/SuriyeArapHaberAjansI\">Telegram Kanal\u0131m\u0131z\u00a0<\/a><\/p>\n<p><a href=\"https:\/\/www.facebook.com\/SANAHaberAjansi\/\">Facebook Sayfam\u0131z<\/a><\/p>\n<p><a href=\"https:\/\/twitter.com\/arap_ajans\">Twitter Hesab\u0131m\u0131z<\/a><\/p>\n","protected":false},"excerpt":{"rendered":"<p>MOSKOVA &#8211; Rusya Savunma Bakanl\u0131\u011f\u0131, \u00f6zel askeri operasyonun son 24 saat i\u00e7inde m\u00fchimmat depolar\u0131, kunda\u011f\u0131 motorlu silahlar ve Ukrayna tanklar\u0131n\u0131n imha edilmesinin yan\u0131 s\u0131ra bir sava\u015f u\u00e7a\u011f\u0131 ve 8 insans\u0131z hava arac\u0131n\u0131n d\u00fc\u015f\u00fcr\u00fclmesiyle sonu\u00e7land\u0131\u011f\u0131n\u0131 a\u00e7\u0131klad\u0131. Bakanl\u0131k g\u00fcnl\u00fck raporuna g\u00f6re, Rus kuvvetleri Zaporozhye eksenindeki \u00fc\u00e7 Ukrayna sald\u0131r\u0131 giri\u015fimini p\u00fcsk\u00fcrtt\u00fc. Da\u011f Sald\u0131r\u0131 Grubu vuruldu ve Ukrayna kuvvetlerinin &hellip;<\/p>\n","protected":false},"author":41,"featured_media":282561,"comment_status":"closed","ping_status":"closed","sticky":false,"template":"","format":"standard","meta":{"footnotes":""},"categories":[458,459,17988],"tags":[38264,38265,38262,16592,17041,6041,38263],"class_list":["post-282560","post","type-post","status-publish","format-standard","has-post-thumbnail","","category-dunya1","category-haberler-arap-uluslararasi-politika","category-son-haberler","tag-kobyansk","tag-novomlinsk","tag-rus-ordusu","tag-rusya","tag-rusya-savunma-bakanligi","tag-ukrayna","tag-zaporozhye"],"_links":{"self":[{"href":"https:\/\/archive.sana.sy\/tr\/index.php?rest_route=\/wp\/v2\/posts\/282560","targetHints":{"allow":["GET"]}}],"collection":[{"href":"https:\/\/archive.sana.sy\/tr\/index.php?rest_route=\/wp\/v2\/posts"}],"about":[{"href":"https:\/\/archive.sana.sy\/tr\/index.php?rest_route=\/wp\/v2\/types\/post"}],"author":[{"embeddable":true,"href":"https:\/\/archive.sana.sy\/tr\/index.php?rest_route=\/wp\/v2\/users\/41"}],"replies":[{"embeddable":true,"href":"https:\/\/archive.sana.sy\/tr\/index.php?rest_route=%2Fwp%2Fv2%2Fcomments&post=282560"}],"version-history":[{"count":0,"href":"https:\/\/archive.sana.sy\/tr\/index.php?rest_route=\/wp\/v2\/posts\/282560\/revisions"}],"wp:featuredmedia":[{"embeddable":true,"href":"https:\/\/archive.sana.sy\/tr\/index.php?rest_route=\/wp\/v2\/media\/282561"}],"wp:attachment":[{"href":"https:\/\/archive.sana.sy\/tr\/index.php?rest_route=%2Fwp%2Fv2%2Fmedia&parent=282560"}],"wp:term":[{"taxonomy":"category","embeddable":true,"href":"https:\/\/archive.sana.sy\/tr\/index.php?rest_route=%2Fwp%2Fv2%2Fcategories&post=282560"},{"taxonomy":"post_tag","embeddable":true,"href":"https:\/\/archive.sana.sy\/tr\/index.php?rest_route=%2Fwp%2Fv2%2Ftags&post=282560"}],"curies":[{"name":"wp","href":"https:\/\/api.w.org\/{rel}","templated":true}]}}