{"id":282565,"date":"2023-06-11T19:12:50","date_gmt":"2023-06-11T16:12:50","guid":{"rendered":"http:\/\/sana.sy\/tr\/?p=282565"},"modified":"2023-06-11T19:18:12","modified_gmt":"2023-06-11T16:18:12","slug":"disisleri-ve-gurbetciler-bakani-faysal-mikdad-ve-beraberindeki-heyet-suudi-arabistan-mevkidasi-prens-faysal-bin-ferhan-bin-abdullahin-daveti-uzerine-suudi-arabistanin-baskenti-riyada-vardi","status":"publish","type":"post","link":"https:\/\/archive.sana.sy\/tr\/?p=282565","title":{"rendered":"D\u0131\u015fi\u015fleri ve Gurbet\u00e7iler Bakan\u0131 Faysal Mikdad ve beraberindeki heyet, Suudi Arabistan mevkida\u015f\u0131 Prens Faysal Bin Ferhan bin Abdullah&#8217;\u0131n daveti \u00fczerine Suudi Arabistan&#8217;\u0131n ba\u015fkenti Riyad&#8217;a vard\u0131"},"content":{"rendered":"","protected":false},"excerpt":{"rendered":"","protected":false},"author":41,"featured_media":0,"comment_status":"closed","ping_status":"closed","sticky":false,"template":"","format":"standard","meta":{"footnotes":""},"categories":[1],"tags":[],"class_list":["post-282565","post","type-post","status-publish","format-standard","","category-news-not-sorted"],"_links":{"self":[{"href":"https:\/\/archive.sana.sy\/tr\/index.php?rest_route=\/wp\/v2\/posts\/282565","targetHints":{"allow":["GET"]}}],"collection":[{"href":"https:\/\/archive.sana.sy\/tr\/index.php?rest_route=\/wp\/v2\/posts"}],"about":[{"href":"https:\/\/archive.sana.sy\/tr\/index.php?rest_route=\/wp\/v2\/types\/post"}],"author":[{"embeddable":true,"href":"https:\/\/archive.sana.sy\/tr\/index.php?rest_route=\/wp\/v2\/users\/41"}],"replies":[{"embeddable":true,"href":"https:\/\/archive.sana.sy\/tr\/index.php?rest_route=%2Fwp%2Fv2%2Fcomments&post=282565"}],"version-history":[{"count":0,"href":"https:\/\/archive.sana.sy\/tr\/index.php?rest_route=\/wp\/v2\/posts\/282565\/revisions"}],"wp:attachment":[{"href":"https:\/\/archive.sana.sy\/tr\/index.php?rest_route=%2Fwp%2Fv2%2Fmedia&parent=282565"}],"wp:term":[{"taxonomy":"category","embeddable":true,"href":"https:\/\/archive.sana.sy\/tr\/index.php?rest_route=%2Fwp%2Fv2%2Fcategories&post=282565"},{"taxonomy":"post_tag","embeddable":true,"href":"https:\/\/archive.sana.sy\/tr\/index.php?rest_route=%2Fwp%2Fv2%2Ftags&post=282565"}],"curies":[{"name":"wp","href":"https:\/\/api.w.org\/{rel}","templated":true}]}}