{"id":282647,"date":"2023-06-13T14:41:28","date_gmt":"2023-06-13T11:41:28","guid":{"rendered":"http:\/\/sana.sy\/tr\/?p=282647"},"modified":"2023-06-15T08:12:07","modified_gmt":"2023-06-15T05:12:07","slug":"buyukelci-el-omrani-ve-evans-suriye-ile-beyaz-rusya-arasindaki-isbirligini-gelistirmenin-yollarini-gorustu","status":"publish","type":"post","link":"https:\/\/archive.sana.sy\/tr\/?p=282647","title":{"rendered":"B\u00fcy\u00fckel\u00e7i El \u00d6mrani Ve Evans, Suriye \u0130le Beyaz Rusya Aras\u0131ndaki \u0130\u015fbirli\u011fini Geli\u015ftirmenin Yollar\u0131n\u0131 G\u00f6r\u00fc\u015ft\u00fc"},"content":{"rendered":"<p><strong>M\u0130NSK<\/strong> \u2013 Belarus E\u011fitim Bakan\u0131 Andrei Ivants, Suriye&#8217;nin Minsk B\u00fcy\u00fckel\u00e7isi Muhammed El \u00d6mrani ile Suriye ile Beyaz Rusya aras\u0131ndaki ili\u015fkileri g\u00fc\u00e7lendirmenin yollar\u0131n\u0131 ve Suriyeli \u00e7ocuklar i\u00e7in sa\u011fl\u0131k ve e\u011flence kamplar\u0131n\u0131n devam\u0131na y\u00f6nelik mekanizmalar\u0131 g\u00f6r\u00fc\u015ft\u00fc.<\/p>\n<p>Belarus E\u011fitim Bakanl\u0131\u011f\u0131 binas\u0131nda ger\u00e7ekle\u015ftirilen g\u00f6r\u00fc\u015fmede Evans, Suriye ile Belarus aras\u0131ndaki g\u00fc\u00e7l\u00fc ili\u015fkilerin iki \u00fclke liderleri aras\u0131ndaki se\u00e7kin ili\u015fkiye dayand\u0131\u011f\u0131n\u0131 vurgulayarak, bu kamplar\u0131n amac\u0131n\u0131n sava\u015f y\u0131llar\u0131nda b\u00fcy\u00fck ac\u0131lar \u00e7eken Suriyeli \u00e7ocuklar\u0131 e\u011flendirmek ve Belarus&#8217;un k\u00fclt\u00fcr, tarih ve geleneklerini yak\u0131ndan tan\u0131mak oldu\u011funa dikkat \u00e7ekti.<\/p>\n<p>Kendi y\u00f6n\u00fcnden El \u00d6mrani ise, iki \u00fclke aras\u0131ndaki dostane ili\u015fkilerin g\u00fc\u00e7lendirilmesi ve Suriyeli \u00e7ocuklar\u0131n k\u00fclt\u00fcrel ve bili\u015fsel geli\u015fiminin geni\u015fletilmesi \u00fczerindeki olumlu etkileri nedeniyle, Belarus&#8217;un Suriyeli \u00e7ocuklara y\u00f6nelik insani giri\u015fimine Suriye&#8217;nin te\u015fekk\u00fcrlerini ve b\u00fcy\u00fck takdirlerini dile getirerek ve bu insani giri\u015fimin \u00f6n\u00fcm\u00fczdeki y\u0131llarda da devam etmesini umdu\u011funu ifade etti.<\/p>\n<div id='gallery-1' class='gallery galleryid-282647 gallery-columns-2 gallery-size-full'><figure class='gallery-item'>\n\t\t\t<div class='gallery-icon landscape'>\n\t\t\t\t<a href='https:\/\/archive.sana.sy\/tr\/wp-content\/uploads\/2023\/06\/photo_2023-06-13_12-36-22-copy.jpg'><img loading=\"lazy\" decoding=\"async\" width=\"660\" height=\"437\" src=\"https:\/\/archive.sana.sy\/tr\/wp-content\/uploads\/2023\/06\/photo_2023-06-13_12-36-22-copy.jpg\" class=\"attachment-full size-full\" alt=\"\" srcset=\"https:\/\/archive.sana.sy\/tr\/wp-content\/uploads\/2023\/06\/photo_2023-06-13_12-36-22-copy.jpg 660w, https:\/\/archive.sana.sy\/tr\/wp-content\/uploads\/2023\/06\/photo_2023-06-13_12-36-22-copy-300x199.jpg 300w, https:\/\/archive.sana.sy\/tr\/wp-content\/uploads\/2023\/06\/photo_2023-06-13_12-36-22-copy-310x205.jpg 310w\" sizes=\"auto, (max-width: 660px) 100vw, 660px\" \/><\/a>\n\t\t\t<\/div><\/figure><figure class='gallery-item'>\n\t\t\t<div class='gallery-icon landscape'>\n\t\t\t\t<a href='https:\/\/archive.sana.sy\/tr\/wp-content\/uploads\/2023\/06\/photo_2023-06-13_12-36-19-copy-1.jpg'><img loading=\"lazy\" decoding=\"async\" width=\"660\" height=\"440\" src=\"https:\/\/archive.sana.sy\/tr\/wp-content\/uploads\/2023\/06\/photo_2023-06-13_12-36-19-copy-1.jpg\" class=\"attachment-full size-full\" alt=\"\" srcset=\"https:\/\/archive.sana.sy\/tr\/wp-content\/uploads\/2023\/06\/photo_2023-06-13_12-36-19-copy-1.jpg 660w, https:\/\/archive.sana.sy\/tr\/wp-content\/uploads\/2023\/06\/photo_2023-06-13_12-36-19-copy-1-300x200.jpg 300w\" sizes=\"auto, (max-width: 660px) 100vw, 660px\" \/><\/a>\n\t\t\t<\/div><\/figure>\n\t\t<\/div>\n\n<p><a href=\"https:\/\/t.me\/SuriyeArapHaberAjansI\">Telegram Kanal\u0131m\u0131z\u00a0<\/a><\/p>\n<p><a href=\"https:\/\/www.facebook.com\/SANAHaberAjansi\/\">Facebook Sayfam\u0131z<\/a><\/p>\n<p><a href=\"https:\/\/twitter.com\/arap_ajans\">Twitter Hesab\u0131m\u0131z<\/a><\/p>\n","protected":false},"excerpt":{"rendered":"<p>M\u0130NSK \u2013 Belarus E\u011fitim Bakan\u0131 Andrei Ivants, Suriye&#8217;nin Minsk B\u00fcy\u00fckel\u00e7isi Muhammed El \u00d6mrani ile Suriye ile Beyaz Rusya aras\u0131ndaki ili\u015fkileri g\u00fc\u00e7lendirmenin yollar\u0131n\u0131 ve Suriyeli \u00e7ocuklar i\u00e7in sa\u011fl\u0131k ve e\u011flence kamplar\u0131n\u0131n devam\u0131na y\u00f6nelik mekanizmalar\u0131 g\u00f6r\u00fc\u015ft\u00fc. Belarus E\u011fitim Bakanl\u0131\u011f\u0131 binas\u0131nda ger\u00e7ekle\u015ftirilen g\u00f6r\u00fc\u015fmede Evans, Suriye ile Belarus aras\u0131ndaki g\u00fc\u00e7l\u00fc ili\u015fkilerin iki \u00fclke liderleri aras\u0131ndaki se\u00e7kin ili\u015fkiye dayand\u0131\u011f\u0131n\u0131 vurgulayarak, &hellip;<\/p>\n","protected":false},"author":39,"featured_media":282652,"comment_status":"closed","ping_status":"closed","sticky":false,"template":"","format":"standard","meta":{"footnotes":""},"categories":[458,459,17988],"tags":[],"class_list":["post-282647","post","type-post","status-publish","format-standard","has-post-thumbnail","","category-dunya1","category-haberler-arap-uluslararasi-politika","category-son-haberler"],"_links":{"self":[{"href":"https:\/\/archive.sana.sy\/tr\/index.php?rest_route=\/wp\/v2\/posts\/282647","targetHints":{"allow":["GET"]}}],"collection":[{"href":"https:\/\/archive.sana.sy\/tr\/index.php?rest_route=\/wp\/v2\/posts"}],"about":[{"href":"https:\/\/archive.sana.sy\/tr\/index.php?rest_route=\/wp\/v2\/types\/post"}],"author":[{"embeddable":true,"href":"https:\/\/archive.sana.sy\/tr\/index.php?rest_route=\/wp\/v2\/users\/39"}],"replies":[{"embeddable":true,"href":"https:\/\/archive.sana.sy\/tr\/index.php?rest_route=%2Fwp%2Fv2%2Fcomments&post=282647"}],"version-history":[{"count":0,"href":"https:\/\/archive.sana.sy\/tr\/index.php?rest_route=\/wp\/v2\/posts\/282647\/revisions"}],"wp:featuredmedia":[{"embeddable":true,"href":"https:\/\/archive.sana.sy\/tr\/index.php?rest_route=\/wp\/v2\/media\/282652"}],"wp:attachment":[{"href":"https:\/\/archive.sana.sy\/tr\/index.php?rest_route=%2Fwp%2Fv2%2Fmedia&parent=282647"}],"wp:term":[{"taxonomy":"category","embeddable":true,"href":"https:\/\/archive.sana.sy\/tr\/index.php?rest_route=%2Fwp%2Fv2%2Fcategories&post=282647"},{"taxonomy":"post_tag","embeddable":true,"href":"https:\/\/archive.sana.sy\/tr\/index.php?rest_route=%2Fwp%2Fv2%2Ftags&post=282647"}],"curies":[{"name":"wp","href":"https:\/\/api.w.org\/{rel}","templated":true}]}}