{"id":282655,"date":"2023-06-13T15:19:47","date_gmt":"2023-06-13T12:19:47","guid":{"rendered":"http:\/\/sana.sy\/tr\/?p=282655"},"modified":"2023-06-15T08:12:21","modified_gmt":"2023-06-15T05:12:21","slug":"ekonomi-bakanligi-rusyaya-navlun-subvansiyon-programi-icin-yurutme-mekanizmasini-yayinladi","status":"publish","type":"post","link":"https:\/\/archive.sana.sy\/tr\/?p=282655","title":{"rendered":"Ekonomi Bakanl\u0131\u011f\u0131, Rusya&#8217;ya Navlun S\u00fcbvansiyon Program\u0131 \u0130\u00e7in Y\u00fcr\u00fctme Mekanizmas\u0131n\u0131 Yay\u0131nlad\u0131"},"content":{"rendered":"<p><strong>\u015eAM<\/strong> &#8211; Bug\u00fcn Ekonomi ve D\u0131\u015f Ticaret Bakan\u0131 Dr. Muhammed Samer El Halil, 1 Nisan &#8211; 30 Eyl\u00fcl 2023 tarihleri \u200b\u200baras\u0131nda Rusya&#8217;ya verilecek navlun s\u00fcbvansiyon program\u0131n\u0131n y\u00fcr\u00fctme mekanizmas\u0131n\u0131 belirleyen bir karar yay\u0131nlad\u0131.<\/p>\n<p>SANA&#8217;n\u0131n bir n\u00fcshas\u0131n\u0131 ald\u0131\u011f\u0131 karara g\u00f6re, mekanizma, Rusya&#8217;ya ihra\u00e7 edilen mallar\u0131n g\u00fcmr\u00fck beyannamesinde kaydedilen d\u00f6n\u00fc\u015ft\u00fcrme oran\u0131na g\u00f6re, Suriye men\u015feli t\u00fcm \u00fcr\u00fcnlerin (tar\u0131msal ve end\u00fcstriyel) deniz ta\u015f\u0131mac\u0131l\u0131\u011f\u0131 ile Suriye poundu cinsinden nakliyesi i\u00e7in 1-4-2023 ile 30-9-2023 aras\u0131ndaki d\u00f6nemdedestek verilmesini sa\u011flar.<\/p>\n<p>Karara g\u00f6re s\u00fcbvansiyon, y\u00fck\u00fc 25 tonu a\u015fan bir araba da dahil olmak \u00fczere 6.000 ABD Dolar\u0131 tutar\u0131nda navlun bedelinin y\u00fczde 30&#8217;u kar\u015f\u0131l\u0131\u011f\u0131 Suriye liras\u0131 olarak hesaplan\u0131yor.<\/p>\n<p>&nbsp;<\/p>\n<p>R.M<\/p>\n<p><a href=\"https:\/\/t.me\/SuriyeArapHaberAjansI\">Telegram Kanal\u0131m\u0131z\u00a0<\/a><\/p>\n<p><a href=\"https:\/\/www.facebook.com\/SANAHaberAjansi\/\">Facebook Sayfam\u0131z<\/a><\/p>\n<p><a href=\"https:\/\/twitter.com\/arap_ajans\">Twitter Hesab\u0131m\u0131z<\/a><\/p>\n","protected":false},"excerpt":{"rendered":"<p>\u015eAM &#8211; Bug\u00fcn Ekonomi ve D\u0131\u015f Ticaret Bakan\u0131 Dr. Muhammed Samer El Halil, 1 Nisan &#8211; 30 Eyl\u00fcl 2023 tarihleri \u200b\u200baras\u0131nda Rusya&#8217;ya verilecek navlun s\u00fcbvansiyon program\u0131n\u0131n y\u00fcr\u00fctme mekanizmas\u0131n\u0131 belirleyen bir karar yay\u0131nlad\u0131. SANA&#8217;n\u0131n bir n\u00fcshas\u0131n\u0131 ald\u0131\u011f\u0131 karara g\u00f6re, mekanizma, Rusya&#8217;ya ihra\u00e7 edilen mallar\u0131n g\u00fcmr\u00fck beyannamesinde kaydedilen d\u00f6n\u00fc\u015ft\u00fcrme oran\u0131na g\u00f6re, Suriye men\u015feli t\u00fcm \u00fcr\u00fcnlerin (tar\u0131msal ve &hellip;<\/p>\n","protected":false},"author":41,"featured_media":282656,"comment_status":"closed","ping_status":"closed","sticky":false,"template":"","format":"standard","meta":{"footnotes":""},"categories":[485,486,479,17988,478],"tags":[],"class_list":["post-282655","post","type-post","status-publish","format-standard","has-post-thumbnail","","category-is-ve-sermaye","category-haberler-is-ve-sermaye","category-haberler-yerel","category-son-haberler","category-yerel"],"_links":{"self":[{"href":"https:\/\/archive.sana.sy\/tr\/index.php?rest_route=\/wp\/v2\/posts\/282655","targetHints":{"allow":["GET"]}}],"collection":[{"href":"https:\/\/archive.sana.sy\/tr\/index.php?rest_route=\/wp\/v2\/posts"}],"about":[{"href":"https:\/\/archive.sana.sy\/tr\/index.php?rest_route=\/wp\/v2\/types\/post"}],"author":[{"embeddable":true,"href":"https:\/\/archive.sana.sy\/tr\/index.php?rest_route=\/wp\/v2\/users\/41"}],"replies":[{"embeddable":true,"href":"https:\/\/archive.sana.sy\/tr\/index.php?rest_route=%2Fwp%2Fv2%2Fcomments&post=282655"}],"version-history":[{"count":0,"href":"https:\/\/archive.sana.sy\/tr\/index.php?rest_route=\/wp\/v2\/posts\/282655\/revisions"}],"wp:featuredmedia":[{"embeddable":true,"href":"https:\/\/archive.sana.sy\/tr\/index.php?rest_route=\/wp\/v2\/media\/282656"}],"wp:attachment":[{"href":"https:\/\/archive.sana.sy\/tr\/index.php?rest_route=%2Fwp%2Fv2%2Fmedia&parent=282655"}],"wp:term":[{"taxonomy":"category","embeddable":true,"href":"https:\/\/archive.sana.sy\/tr\/index.php?rest_route=%2Fwp%2Fv2%2Fcategories&post=282655"},{"taxonomy":"post_tag","embeddable":true,"href":"https:\/\/archive.sana.sy\/tr\/index.php?rest_route=%2Fwp%2Fv2%2Ftags&post=282655"}],"curies":[{"name":"wp","href":"https:\/\/api.w.org\/{rel}","templated":true}]}}