{"id":282658,"date":"2023-06-13T15:00:39","date_gmt":"2023-06-13T12:00:39","guid":{"rendered":"http:\/\/sana.sy\/tr\/?p=282658"},"modified":"2023-06-15T08:12:09","modified_gmt":"2023-06-15T05:12:09","slug":"kahirede-suriye-kizilayinin-katilimiyla-kizilay-ve-kizilhac-dernekleri-akdeniz-konferansi-basladi","status":"publish","type":"post","link":"https:\/\/archive.sana.sy\/tr\/?p=282658","title":{"rendered":"Kahire&#8217;de Suriye K\u0131z\u0131lay\u0131&#8217;n\u0131n Kat\u0131l\u0131m\u0131yla K\u0131z\u0131lay Ve K\u0131z\u0131lha\u00e7 Dernekleri Akdeniz Konferans\u0131 Ba\u015flad\u0131"},"content":{"rendered":"<p><strong>KAH\u0130RE<\/strong> &#8211; 14. Akdeniz K\u0131z\u0131lay ve K\u0131z\u0131lha\u00e7 Dernekleri Konferans\u0131 bug\u00fcn Kahire&#8217;de Suriye Arap K\u0131z\u0131lay\u0131 Ba\u015fkan\u0131 Halid Habubati&#8217;nin kat\u0131l\u0131m\u0131yla ba\u015flad\u0131.<\/p>\n<p>Konferans, diyalo\u011fu geli\u015ftirmeyi, i\u015fbirli\u011fini ve sinerjiyi g\u00fc\u00e7lendirmeyi ve daha iyi bir insani m\u00fcdahaleye ula\u015fmay\u0131 ama\u00e7l\u0131yor.<\/p>\n<p>Konferans s\u0131ras\u0131nda Habubati, Suriye&#8217;de y\u0131llarca s\u00fcren sava\u015f\u0131n ard\u0131ndan insani ve ekonomik durumu ve ge\u00e7en \u015eubat ay\u0131nda \u00fclkeyi vuran deprem felaketini sunarak, Suriye halk\u0131n\u0131n iyile\u015febilmesi i\u00e7in yard\u0131m edilmesi gerekti\u011fini belirtti.<\/p>\n<p>Habubati ayr\u0131ca, Suriye&#8217;nin deprem felaketine maruz kald\u0131\u011f\u0131na i\u015faret ederek, altyap\u0131n\u0131n rehabilite edilebilmesi i\u00e7in ekonomik yapt\u0131r\u0131mlar\u0131n kald\u0131r\u0131lmas\u0131 gerekti\u011fini \u00e7\u00fcnk\u00fc bunu engelledi\u011fini a\u00e7\u0131klad\u0131.<\/p>\n<p>Habubati, Suriye Arap K\u0131z\u0131lay\u0131 g\u00f6n\u00fcll\u00fclerinin insanlar\u0131n ac\u0131lar\u0131n\u0131 hafifletmek ve \u00e7e\u015fitli kriz ve afetlerde onlar\u0131 korumak i\u00e7in her t\u00fcrl\u00fc \u00e7abay\u0131 g\u00f6sterdi\u011fini vurgularken, Suriyelilerin sadece sepetler ve g\u0131da yard\u0131mlar\u0131yla yetinmeyerek \u00e7al\u0131\u015fmalar\u0131na yard\u0131mc\u0131 olmak i\u00e7in Suriye&#8217;deki durumla farkl\u0131 ve yo\u011fun bir \u015fekilde dayan\u0131\u015fma \u00e7a\u011fr\u0131s\u0131nda bulundu.<\/p>\n<p>R.M<\/p>\n<p><a href=\"https:\/\/t.me\/SuriyeArapHaberAjansI\">Telegram Kanal\u0131m\u0131z\u00a0<\/a><\/p>\n<p><a href=\"https:\/\/www.facebook.com\/SANAHaberAjansi\/\">Facebook Sayfam\u0131z<\/a><\/p>\n<p><a href=\"https:\/\/twitter.com\/arap_ajans\">Twitter Hesab\u0131m\u0131z<\/a><\/p>\n","protected":false},"excerpt":{"rendered":"<p>KAH\u0130RE &#8211; 14. Akdeniz K\u0131z\u0131lay ve K\u0131z\u0131lha\u00e7 Dernekleri Konferans\u0131 bug\u00fcn Kahire&#8217;de Suriye Arap K\u0131z\u0131lay\u0131 Ba\u015fkan\u0131 Halid Habubati&#8217;nin kat\u0131l\u0131m\u0131yla ba\u015flad\u0131. Konferans, diyalo\u011fu geli\u015ftirmeyi, i\u015fbirli\u011fini ve sinerjiyi g\u00fc\u00e7lendirmeyi ve daha iyi bir insani m\u00fcdahaleye ula\u015fmay\u0131 ama\u00e7l\u0131yor. Konferans s\u0131ras\u0131nda Habubati, Suriye&#8217;de y\u0131llarca s\u00fcren sava\u015f\u0131n ard\u0131ndan insani ve ekonomik durumu ve ge\u00e7en \u015eubat ay\u0131nda \u00fclkeyi vuran deprem felaketini sunarak, &hellip;<\/p>\n","protected":false},"author":41,"featured_media":282659,"comment_status":"closed","ping_status":"closed","sticky":false,"template":"","format":"standard","meta":{"footnotes":""},"categories":[458,459,17988],"tags":[],"class_list":["post-282658","post","type-post","status-publish","format-standard","has-post-thumbnail","","category-dunya1","category-haberler-arap-uluslararasi-politika","category-son-haberler"],"_links":{"self":[{"href":"https:\/\/archive.sana.sy\/tr\/index.php?rest_route=\/wp\/v2\/posts\/282658","targetHints":{"allow":["GET"]}}],"collection":[{"href":"https:\/\/archive.sana.sy\/tr\/index.php?rest_route=\/wp\/v2\/posts"}],"about":[{"href":"https:\/\/archive.sana.sy\/tr\/index.php?rest_route=\/wp\/v2\/types\/post"}],"author":[{"embeddable":true,"href":"https:\/\/archive.sana.sy\/tr\/index.php?rest_route=\/wp\/v2\/users\/41"}],"replies":[{"embeddable":true,"href":"https:\/\/archive.sana.sy\/tr\/index.php?rest_route=%2Fwp%2Fv2%2Fcomments&post=282658"}],"version-history":[{"count":0,"href":"https:\/\/archive.sana.sy\/tr\/index.php?rest_route=\/wp\/v2\/posts\/282658\/revisions"}],"wp:featuredmedia":[{"embeddable":true,"href":"https:\/\/archive.sana.sy\/tr\/index.php?rest_route=\/wp\/v2\/media\/282659"}],"wp:attachment":[{"href":"https:\/\/archive.sana.sy\/tr\/index.php?rest_route=%2Fwp%2Fv2%2Fmedia&parent=282658"}],"wp:term":[{"taxonomy":"category","embeddable":true,"href":"https:\/\/archive.sana.sy\/tr\/index.php?rest_route=%2Fwp%2Fv2%2Fcategories&post=282658"},{"taxonomy":"post_tag","embeddable":true,"href":"https:\/\/archive.sana.sy\/tr\/index.php?rest_route=%2Fwp%2Fv2%2Ftags&post=282658"}],"curies":[{"name":"wp","href":"https:\/\/api.w.org\/{rel}","templated":true}]}}