{"id":282661,"date":"2023-06-13T16:59:11","date_gmt":"2023-06-13T13:59:11","guid":{"rendered":"http:\/\/sana.sy\/tr\/?p=282661"},"modified":"2023-06-15T08:12:31","modified_gmt":"2023-06-15T05:12:31","slug":"bakan-hallakin-huzurunda-tunusta-espo-teknoloji-ekipman-ve-yazilim-pazari-sergisi-acildi","status":"publish","type":"post","link":"https:\/\/archive.sana.sy\/tr\/?p=282661","title":{"rendered":"Bakan Hallak&#8217;\u0131n Huzurunda, Tunus&#8217;ta (ESPO) Teknoloji, Ekipman Ve Yaz\u0131l\u0131m Pazar\u0131 Sergisi A\u00e7\u0131ld\u0131"},"content":{"rendered":"<p><strong>TUNUS<\/strong>&#8211; Bug\u00fcn Enformasyon Bakan\u0131 Butrus Hallak&#8217;\u0131n huzurunda, Tunus&#8217;taki K\u00fclt\u00fcr \u015eehri &#8211; Shazly Al-Qalibi&#8217;de, <img loading=\"lazy\" decoding=\"async\" class=\" wp-image-282663 alignright\" src=\"http:\/\/sana.sy\/tr\/wp-content\/uploads\/2023\/06\/2-1-10-300x225-1.jpg\" alt=\"\" width=\"226\" height=\"169\" \/>Suriye h\u00fck\u00fcmet ve \u00f6zel kurumlar\u0131n\u0131n kat\u0131ld\u0131\u011f\u0131 teknoloji, ekipman ve yaz\u0131l\u0131m pazar\u0131na y\u00f6nelik \u201cEspo\u201d sergisi a\u00e7\u0131ld\u0131.<\/p>\n<p>Suriye, Radyo ve Televizyon Genel Kurumu, Radyo ve Televizyon Yap\u0131m Genel Kurumu ve Film ve Televizyon End\u00fcstrisi Komitesi arac\u0131l\u0131\u011f\u0131yla festival, sergi ve festival faaliyetlerine kat\u0131lmaktad\u0131r.<\/p>\n<p>Bug\u00fcn\u00a0 festival etkinlikleri kapsam\u0131nda \u201cDijital \u00c7a\u011fda Arap Dramas\u0131\u201d ba\u015fl\u0131kl\u0131 sempozyum ve yapay zeka \u00fczerine m\u00fchendislik sempozyumu da ger\u00e7ekle\u015ftirilecek.<\/p>\n<p><span style=\"color: #0000ff;\">Festivalin ama\u00e7lar\u0131:\u00a0<\/span><\/p>\n<ul>\n<li>Arap radyo ve televizyon \u00fcretiminin geli\u015fmesine katk\u0131da bulunun ve seviyesini \u00fcye kurulu\u015flar\u0131n isteklerini ve \u00e7al\u0131\u015ft\u0131klar\u0131 ilkeleri kar\u015f\u0131layacak \u015fekilde y\u00fckseltin.<\/li>\n<li>Bu alanda Arap yarat\u0131c\u0131 enerjilerini geli\u015ftirmek i\u00e7in Arap radyo ve televizyon yap\u0131m\u0131nda yenilik\u00e7i ve ciddi e\u011filimleri izlemek ve te\u015fvik etmek.<\/li>\n<\/ul>\n<p>&nbsp;<\/p>\n<p>R.M<\/p>\n<p><a href=\"https:\/\/t.me\/SuriyeArapHaberAjansI\">Telegram Kanal\u0131m\u0131z\u00a0<\/a><\/p>\n<p><a href=\"https:\/\/www.facebook.com\/SANAHaberAjansi\/\">Facebook Sayfam\u0131z<\/a><\/p>\n<p><a href=\"https:\/\/twitter.com\/arap_ajans\">Twitter Hesab\u0131m\u0131z<\/a><\/p>\n","protected":false},"excerpt":{"rendered":"<p>TUNUS&#8211; Bug\u00fcn Enformasyon Bakan\u0131 Butrus Hallak&#8217;\u0131n huzurunda, Tunus&#8217;taki K\u00fclt\u00fcr \u015eehri &#8211; Shazly Al-Qalibi&#8217;de, Suriye h\u00fck\u00fcmet ve \u00f6zel kurumlar\u0131n\u0131n kat\u0131ld\u0131\u011f\u0131 teknoloji, ekipman ve yaz\u0131l\u0131m pazar\u0131na y\u00f6nelik \u201cEspo\u201d sergisi a\u00e7\u0131ld\u0131. Suriye, Radyo ve Televizyon Genel Kurumu, Radyo ve Televizyon Yap\u0131m Genel Kurumu ve Film ve Televizyon End\u00fcstrisi Komitesi arac\u0131l\u0131\u011f\u0131yla festival, sergi ve festival faaliyetlerine kat\u0131lmaktad\u0131r. Bug\u00fcn\u00a0 festival &hellip;<\/p>\n","protected":false},"author":41,"featured_media":282662,"comment_status":"closed","ping_status":"closed","sticky":false,"template":"","format":"standard","meta":{"footnotes":""},"categories":[458,459,17988],"tags":[],"class_list":["post-282661","post","type-post","status-publish","format-standard","has-post-thumbnail","","category-dunya1","category-haberler-arap-uluslararasi-politika","category-son-haberler"],"_links":{"self":[{"href":"https:\/\/archive.sana.sy\/tr\/index.php?rest_route=\/wp\/v2\/posts\/282661","targetHints":{"allow":["GET"]}}],"collection":[{"href":"https:\/\/archive.sana.sy\/tr\/index.php?rest_route=\/wp\/v2\/posts"}],"about":[{"href":"https:\/\/archive.sana.sy\/tr\/index.php?rest_route=\/wp\/v2\/types\/post"}],"author":[{"embeddable":true,"href":"https:\/\/archive.sana.sy\/tr\/index.php?rest_route=\/wp\/v2\/users\/41"}],"replies":[{"embeddable":true,"href":"https:\/\/archive.sana.sy\/tr\/index.php?rest_route=%2Fwp%2Fv2%2Fcomments&post=282661"}],"version-history":[{"count":0,"href":"https:\/\/archive.sana.sy\/tr\/index.php?rest_route=\/wp\/v2\/posts\/282661\/revisions"}],"wp:featuredmedia":[{"embeddable":true,"href":"https:\/\/archive.sana.sy\/tr\/index.php?rest_route=\/wp\/v2\/media\/282662"}],"wp:attachment":[{"href":"https:\/\/archive.sana.sy\/tr\/index.php?rest_route=%2Fwp%2Fv2%2Fmedia&parent=282661"}],"wp:term":[{"taxonomy":"category","embeddable":true,"href":"https:\/\/archive.sana.sy\/tr\/index.php?rest_route=%2Fwp%2Fv2%2Fcategories&post=282661"},{"taxonomy":"post_tag","embeddable":true,"href":"https:\/\/archive.sana.sy\/tr\/index.php?rest_route=%2Fwp%2Fv2%2Ftags&post=282661"}],"curies":[{"name":"wp","href":"https:\/\/api.w.org\/{rel}","templated":true}]}}