{"id":282665,"date":"2023-06-13T15:47:26","date_gmt":"2023-06-13T12:47:26","guid":{"rendered":"http:\/\/sana.sy\/tr\/?p=282665"},"modified":"2023-06-15T08:12:25","modified_gmt":"2023-06-15T05:12:25","slug":"rus-savunmasi-ukraynanin-cesitli-eksenlerdeki-saldirilarini-puskurttuk-6-ihayi-dusurduk","status":"publish","type":"post","link":"https:\/\/archive.sana.sy\/tr\/?p=282665","title":{"rendered":"Rus Savunmas\u0131: Ukrayna&#8217;n\u0131n \u00c7e\u015fitli Eksenlerdeki Sald\u0131r\u0131lar\u0131n\u0131 P\u00fcsk\u00fcrtt\u00fck, 6 \u0130HA\u2019y\u0131 D\u00fc\u015f\u00fcrd\u00fck"},"content":{"rendered":"<p><strong>MOSKOVA<\/strong> &#8211; Rusya Savunma Bakanl\u0131\u011f\u0131, g\u00fc\u00e7lerinin Ukrayna&#8217;n\u0131n \u00e7e\u015fitli eksenlerdeki sald\u0131r\u0131lar\u0131n\u0131 p\u00fcsk\u00fcrtt\u00fc\u011f\u00fcn\u00fc, 3 adet &#8220;Storm Shadow&#8221; f\u00fczesini \u00f6nledi\u011fini ve 6 Ukrayna \u0130HA&#8217;s\u0131n\u0131 d\u00fc\u015f\u00fcrd\u00fc\u011f\u00fcn\u00fc a\u00e7\u0131klad\u0131.<\/p>\n<p>Bakanl\u0131k, g\u00fcnl\u00fck raporunda son 24 saat i\u00e7inde Ukrayna&#8217;daki Rus \u00f6zel askeri operasyonunun ilerleyi\u015fi hakk\u0131nda bilgi verirkem, \u2018\u2019Uzun menzilli hassas f\u00fczeler havadan Ukrayna personelinin ve askeri te\u00e7hizat\u0131n yo\u011funla\u015ft\u0131\u011f\u0131 bir dizi noktay\u0131 ve yabanc\u0131 silah ve m\u00fchimmat depolar\u0131n\u0131 vurdu\u2019\u2019 dedi.<\/p>\n<p><strong>Bakanl\u0131\u011fa g\u00f6re,<\/strong><\/p>\n<p><strong>Donetsk&#8217;in g\u00fcney aks\u0131nda: <\/strong><\/p>\n<ul>\n<li><img loading=\"lazy\" decoding=\"async\" class=\"size-full wp-image-282668 alignright\" src=\"http:\/\/sana.sy\/tr\/wp-content\/uploads\/2023\/06\/df4-copy-1-300x169-1.jpg\" alt=\"\" width=\"300\" height=\"169\" \/>Rus kuvvetleri, Ukrayna&#8217;n\u0131n Makarovka k\u00f6y\u00fc b\u00f6lgesinde tank ve z\u0131rhl\u0131 ara\u00e7larla takviye etti\u011fi 3 sald\u0131r\u0131y\u0131 p\u00fcsk\u00fcrtt\u00fc.<\/li>\n<li>\u00a0&#8220;Do\u011fu&#8221; grubunun birimleri, Ukrayna&#8217;n\u0131n 10 z\u0131rhl\u0131 arac\u0131ndan 8&#8217;ini imha etmeyi ba\u015fard\u0131.<\/li>\n<li>Rivnobel k\u00f6y\u00fcnde iki d\u00fc\u015fman sald\u0131r\u0131s\u0131 ba\u015far\u0131yla p\u00fcsk\u00fcrt\u00fcld\u00fc ve Rus sald\u0131r\u0131lar\u0131 iki Ukrayna tank\u0131n\u0131 ve 3 z\u0131rhl\u0131 arac\u0131 vurdu.<\/li>\n<li>Ukrayna kuvvetlerinin taktik grup \u00fcyelerinin \u00e7o\u011fu ortadan kald\u0131r\u0131ld\u0131 ve Berechestovka b\u00f6lgesinde 4 muharebe z\u0131rhl\u0131 arac\u0131 imha edildi.<\/li>\n<li>Toplam d\u00fc\u015fman kay\u0131plar\u0131, bir B-Masta ob\u00fcs\u00fcne ek olarak 275 asker, 4 tank, 15 z\u0131rhl\u0131 ara\u00e7 ve 8 ara\u00e7 olarak ger\u00e7ekle\u015fti.<\/li>\n<li>&#8220;G\u00fcney&#8221; grubu, Artyomovsk \u015fehrinin g\u00fcneyindeki Kleshevka k\u00f6y\u00fc y\u00f6n\u00fcnde iki d\u00fc\u015fman sald\u0131r\u0131s\u0131n\u0131 p\u00fcsk\u00fcrtt\u00fc ve kay\u0131plar\u0131 350 asker oldu ve iki z\u0131rhl\u0131 ara\u00e7 ve 6 ara\u00e7 imha edildi.<\/li>\n<\/ul>\n<p><strong>Kobyansk ekseninde: <\/strong><\/p>\n<ul>\n<li>D\u00fc\u015fman\u0131n kay\u0131plar\u0131 35 askere ula\u015ft\u0131, \u201cD20\u201d topuna ek olarak bir z\u0131rhl\u0131 ara\u00e7 ve bir k\u00fc\u00e7\u00fck kamyon imha edildi.<\/li>\n<\/ul>\n<p><strong>Krasnolyman ekseninde: <\/strong><\/p>\n<ul>\n<li>Top\u00e7u ate\u015fi Ukrayna hedeflerini vurdu ve 2 z\u0131rhl\u0131 ara\u00e7, 4 araba, iki \u201cD20 ve D30\u201d ob\u00fcs ve bir \u201cGvozdika\u201d topunu imha eden 60&#8217;tan fazla Ukraynal\u0131 askerin kayb\u0131 oldu.<\/li>\n<li>D\u00fc\u015fman\u0131n Herson eksenindeki kay\u0131plar\u0131 30 askere ula\u015ft\u0131 ve 3 ara\u00e7, bir B-Masta ob\u00fcs\u00fc ve bir Gvozdika topu imha edildi.<\/li>\n<li>Rus ordusu havac\u0131l\u0131\u011f\u0131 ve top\u00e7ular\u0131, Ukrayna kuvvetlerinin 98 top\u00e7u birli\u011fini ve 114 Ukrayna ilinde personel ve askeri te\u00e7hizat\u0131n yo\u011funla\u015fma noktalar\u0131n\u0131 vurdu.<\/li>\n<li>Hava savunma sistemleri, 3 adet uzun menzilli &#8220;Storm Shadow&#8221; f\u00fczesi ve 10 adet &#8220;HIMARS&#8221; rampas\u0131n\u0131 imha etti.<\/li>\n<li>Ayr\u0131ca Herson, Zaporozhye ve Luhansk Halk Cumhuriyeti b\u00f6lgelerinde 6 Ukrayna insans\u0131z hava arac\u0131 d\u00fc\u015f\u00fcr\u00fcld\u00fc.<\/li>\n<\/ul>\n<div id='gallery-1' class='gallery galleryid-282665 gallery-columns-2 gallery-size-medium'><figure class='gallery-item'>\n\t\t\t<div class='gallery-icon landscape'>\n\t\t\t\t<a href='https:\/\/archive.sana.sy\/tr\/?attachment_id=282666'><img loading=\"lazy\" decoding=\"async\" width=\"300\" height=\"169\" src=\"https:\/\/archive.sana.sy\/tr\/wp-content\/uploads\/2023\/06\/01-copy-3-300x169.jpg\" class=\"attachment-medium size-medium\" alt=\"\" srcset=\"https:\/\/archive.sana.sy\/tr\/wp-content\/uploads\/2023\/06\/01-copy-3-300x169.jpg 300w, https:\/\/archive.sana.sy\/tr\/wp-content\/uploads\/2023\/06\/01-copy-3.jpg 660w\" sizes=\"auto, (max-width: 300px) 100vw, 300px\" \/><\/a>\n\t\t\t<\/div><\/figure><figure class='gallery-item'>\n\t\t\t<div class='gallery-icon landscape'>\n\t\t\t\t<a href='https:\/\/archive.sana.sy\/tr\/?attachment_id=282667'><img loading=\"lazy\" decoding=\"async\" width=\"300\" height=\"169\" src=\"https:\/\/archive.sana.sy\/tr\/wp-content\/uploads\/2023\/06\/3d-copy-1-300x169.jpg\" class=\"attachment-medium size-medium\" alt=\"\" srcset=\"https:\/\/archive.sana.sy\/tr\/wp-content\/uploads\/2023\/06\/3d-copy-1-300x169.jpg 300w, https:\/\/archive.sana.sy\/tr\/wp-content\/uploads\/2023\/06\/3d-copy-1.jpg 660w\" sizes=\"auto, (max-width: 300px) 100vw, 300px\" \/><\/a>\n\t\t\t<\/div><\/figure>\n\t\t<\/div>\n\n<p>R.M<\/p>\n<p><a href=\"https:\/\/t.me\/SuriyeArapHaberAjansI\">Telegram Kanal\u0131m\u0131z\u00a0<\/a><\/p>\n<p><a href=\"https:\/\/www.facebook.com\/SANAHaberAjansi\/\">Facebook Sayfam\u0131z<\/a><\/p>\n<p><a href=\"https:\/\/twitter.com\/arap_ajans\">Twitter Hesab\u0131m\u0131z<\/a><\/p>\n","protected":false},"excerpt":{"rendered":"<p>MOSKOVA &#8211; Rusya Savunma Bakanl\u0131\u011f\u0131, g\u00fc\u00e7lerinin Ukrayna&#8217;n\u0131n \u00e7e\u015fitli eksenlerdeki sald\u0131r\u0131lar\u0131n\u0131 p\u00fcsk\u00fcrtt\u00fc\u011f\u00fcn\u00fc, 3 adet &#8220;Storm Shadow&#8221; f\u00fczesini \u00f6nledi\u011fini ve 6 Ukrayna \u0130HA&#8217;s\u0131n\u0131 d\u00fc\u015f\u00fcrd\u00fc\u011f\u00fcn\u00fc a\u00e7\u0131klad\u0131. Bakanl\u0131k, g\u00fcnl\u00fck raporunda son 24 saat i\u00e7inde Ukrayna&#8217;daki Rus \u00f6zel askeri operasyonunun ilerleyi\u015fi hakk\u0131nda bilgi verirkem, \u2018\u2019Uzun menzilli hassas f\u00fczeler havadan Ukrayna personelinin ve askeri te\u00e7hizat\u0131n yo\u011funla\u015ft\u0131\u011f\u0131 bir dizi noktay\u0131 ve yabanc\u0131 &hellip;<\/p>\n","protected":false},"author":41,"featured_media":282670,"comment_status":"closed","ping_status":"closed","sticky":false,"template":"","format":"standard","meta":{"footnotes":""},"categories":[458,459,17988],"tags":[38272,38246,38271,38264,38269,16592,38270,6041,38273],"class_list":["post-282665","post","type-post","status-publish","format-standard","has-post-thumbnail","","category-dunya1","category-haberler-arap-uluslararasi-politika","category-son-haberler","tag-erson","tag-kiev","tag-kiyv","tag-kobyansk","tag-krasnolyman","tag-rusya","tag-rusya-ukrayna-savasi","tag-ukrayna","tag-zaporozhye-ve-luhansk"],"_links":{"self":[{"href":"https:\/\/archive.sana.sy\/tr\/index.php?rest_route=\/wp\/v2\/posts\/282665","targetHints":{"allow":["GET"]}}],"collection":[{"href":"https:\/\/archive.sana.sy\/tr\/index.php?rest_route=\/wp\/v2\/posts"}],"about":[{"href":"https:\/\/archive.sana.sy\/tr\/index.php?rest_route=\/wp\/v2\/types\/post"}],"author":[{"embeddable":true,"href":"https:\/\/archive.sana.sy\/tr\/index.php?rest_route=\/wp\/v2\/users\/41"}],"replies":[{"embeddable":true,"href":"https:\/\/archive.sana.sy\/tr\/index.php?rest_route=%2Fwp%2Fv2%2Fcomments&post=282665"}],"version-history":[{"count":0,"href":"https:\/\/archive.sana.sy\/tr\/index.php?rest_route=\/wp\/v2\/posts\/282665\/revisions"}],"wp:featuredmedia":[{"embeddable":true,"href":"https:\/\/archive.sana.sy\/tr\/index.php?rest_route=\/wp\/v2\/media\/282670"}],"wp:attachment":[{"href":"https:\/\/archive.sana.sy\/tr\/index.php?rest_route=%2Fwp%2Fv2%2Fmedia&parent=282665"}],"wp:term":[{"taxonomy":"category","embeddable":true,"href":"https:\/\/archive.sana.sy\/tr\/index.php?rest_route=%2Fwp%2Fv2%2Fcategories&post=282665"},{"taxonomy":"post_tag","embeddable":true,"href":"https:\/\/archive.sana.sy\/tr\/index.php?rest_route=%2Fwp%2Fv2%2Ftags&post=282665"}],"curies":[{"name":"wp","href":"https:\/\/api.w.org\/{rel}","templated":true}]}}