{"id":282677,"date":"2023-06-13T14:00:04","date_gmt":"2023-06-13T11:00:04","guid":{"rendered":"http:\/\/sana.sy\/tr\/?p=282677"},"modified":"2023-06-15T08:12:04","modified_gmt":"2023-06-15T05:12:04","slug":"putin-ukrayna-ile-azak-denizi-ve-kerc-bogazinda-isbirligine-iliskin-anlasmayi-fesheden-yasayi-imzaladi","status":"publish","type":"post","link":"https:\/\/archive.sana.sy\/tr\/?p=282677","title":{"rendered":"Putin, Ukrayna \u0130le Azak Denizi Ve Ker\u00e7 Bo\u011faz\u0131&#8217;nda \u0130\u015fbirli\u011fine \u0130li\u015fkin Anla\u015fmay\u0131 Fesheden Yasay\u0131 \u0130mzalad\u0131"},"content":{"rendered":"<p><strong>MOSKOVA<\/strong>&#8211; Rusya Devlet Ba\u015fkan\u0131 Vladimir Putin, Ukrayna ile Azak Denizi ve Ker\u00e7 Bo\u011faz\u0131&#8217;nda imzalanan i\u015fbirli\u011fine ili\u015fkin anla\u015fmay\u0131 fesheden yasay\u0131 bug\u00fcn imzalad\u0131.<\/p>\n<p>Rus h\u00fck\u00fcmetinin internet portal\u0131nda yay\u0131nlanan belgeye g\u00f6re Putin, &#8220;Putin, Rusya ile Ukrayna aras\u0131nda 24 Aral\u0131k 2003&#8217;te Ker\u00e7&#8217;te imzalanan Azak Denizi ve Ker\u00e7 Bo\u011faz\u0131&#8217;n\u0131n kullan\u0131m\u0131nda i\u015fbirli\u011fine ili\u015fkin anla\u015fman\u0131n feshine ili\u015fkin yasa tasar\u0131s\u0131n\u0131 Rus Duma&#8217;ya havale etti&#8221; dedi.<\/p>\n<p>Anla\u015fma s\u0131n\u0131ra at\u0131fta bulunmad\u0131 ve iki \u00fclkenin s\u0131n\u0131ra biti\u015fik su havzalar\u0131n\u0131 s\u0131n\u0131rland\u0131rmak i\u00e7in ayr\u0131 bir anla\u015fma yapmas\u0131 gerekiyordu.<\/p>\n<p>R.M<\/p>\n<p><a href=\"https:\/\/t.me\/SuriyeArapHaberAjansI\">Telegram Kanal\u0131m\u0131z\u00a0<\/a><\/p>\n<p><a href=\"https:\/\/www.facebook.com\/SANAHaberAjansi\/\">Facebook Sayfam\u0131z<\/a><\/p>\n<p><a href=\"https:\/\/twitter.com\/arap_ajans\">Twitter Hesab\u0131m\u0131z<\/a><\/p>\n","protected":false},"excerpt":{"rendered":"<p>MOSKOVA&#8211; Rusya Devlet Ba\u015fkan\u0131 Vladimir Putin, Ukrayna ile Azak Denizi ve Ker\u00e7 Bo\u011faz\u0131&#8217;nda imzalanan i\u015fbirli\u011fine ili\u015fkin anla\u015fmay\u0131 fesheden yasay\u0131 bug\u00fcn imzalad\u0131. Rus h\u00fck\u00fcmetinin internet portal\u0131nda yay\u0131nlanan belgeye g\u00f6re Putin, &#8220;Putin, Rusya ile Ukrayna aras\u0131nda 24 Aral\u0131k 2003&#8217;te Ker\u00e7&#8217;te imzalanan Azak Denizi ve Ker\u00e7 Bo\u011faz\u0131&#8217;n\u0131n kullan\u0131m\u0131nda i\u015fbirli\u011fine ili\u015fkin anla\u015fman\u0131n feshine ili\u015fkin yasa tasar\u0131s\u0131n\u0131 Rus Duma&#8217;ya havale &hellip;<\/p>\n","protected":false},"author":41,"featured_media":282678,"comment_status":"closed","ping_status":"closed","sticky":false,"template":"","format":"standard","meta":{"footnotes":""},"categories":[458,459,17988],"tags":[38276,38277,2587,16592,6041],"class_list":["post-282677","post","type-post","status-publish","format-standard","has-post-thumbnail","","category-dunya1","category-haberler-arap-uluslararasi-politika","category-son-haberler","tag-azak-denizi","tag-kerc-bogazi","tag-putin","tag-rusya","tag-ukrayna"],"_links":{"self":[{"href":"https:\/\/archive.sana.sy\/tr\/index.php?rest_route=\/wp\/v2\/posts\/282677","targetHints":{"allow":["GET"]}}],"collection":[{"href":"https:\/\/archive.sana.sy\/tr\/index.php?rest_route=\/wp\/v2\/posts"}],"about":[{"href":"https:\/\/archive.sana.sy\/tr\/index.php?rest_route=\/wp\/v2\/types\/post"}],"author":[{"embeddable":true,"href":"https:\/\/archive.sana.sy\/tr\/index.php?rest_route=\/wp\/v2\/users\/41"}],"replies":[{"embeddable":true,"href":"https:\/\/archive.sana.sy\/tr\/index.php?rest_route=%2Fwp%2Fv2%2Fcomments&post=282677"}],"version-history":[{"count":0,"href":"https:\/\/archive.sana.sy\/tr\/index.php?rest_route=\/wp\/v2\/posts\/282677\/revisions"}],"wp:featuredmedia":[{"embeddable":true,"href":"https:\/\/archive.sana.sy\/tr\/index.php?rest_route=\/wp\/v2\/media\/282678"}],"wp:attachment":[{"href":"https:\/\/archive.sana.sy\/tr\/index.php?rest_route=%2Fwp%2Fv2%2Fmedia&parent=282677"}],"wp:term":[{"taxonomy":"category","embeddable":true,"href":"https:\/\/archive.sana.sy\/tr\/index.php?rest_route=%2Fwp%2Fv2%2Fcategories&post=282677"},{"taxonomy":"post_tag","embeddable":true,"href":"https:\/\/archive.sana.sy\/tr\/index.php?rest_route=%2Fwp%2Fv2%2Ftags&post=282677"}],"curies":[{"name":"wp","href":"https:\/\/api.w.org\/{rel}","templated":true}]}}