{"id":282709,"date":"2023-06-14T15:11:03","date_gmt":"2023-06-14T12:11:03","guid":{"rendered":"http:\/\/sana.sy\/tr\/?p=282709"},"modified":"2023-06-17T09:09:38","modified_gmt":"2023-06-17T06:09:38","slug":"sukri-ve-pedersen-suriyedeki-krizi-cozmenin-yollarini-telefonda-gorustu","status":"publish","type":"post","link":"https:\/\/archive.sana.sy\/tr\/?p=282709","title":{"rendered":"\u015e\u00fckri Ve Pedersen \u00a0Suriye&#8217;deki Krizi \u00c7\u00f6zmenin Yollar\u0131n\u0131 Telefonda G\u00f6r\u00fc\u015ft\u00fc"},"content":{"rendered":"<p><strong>KAH\u0130RE<\/strong> &#8211; M\u0131s\u0131r D\u0131\u015fi\u015fleri Bakan\u0131 Samih \u015e\u00fckri, BM Genel Sekreteri&#8217;nin Suriye \u00d6zel Temsilcisi Geir Pedersen ile bug\u00fcn yapt\u0131\u011f\u0131 telefon g\u00f6r\u00fc\u015fmesinde Suriye&#8217;deki krizi \u00e7\u00f6zmenin yollar\u0131n\u0131 g\u00f6r\u00fc\u015ft\u00fc.<\/p>\n<p>M\u0131s\u0131r medyas\u0131na g\u00f6re, M\u0131s\u0131r D\u0131\u015fi\u015fleri Bakanl\u0131\u011f\u0131 s\u00f6zc\u00fcs\u00fc Ahmed Ebu Zeyid, \u2018\u2019Suriye&#8217;deki krizi \u00e7\u00f6zmek ve Suriye halk\u0131n\u0131n ac\u0131lar\u0131n\u0131 hafifletmek i\u00e7in kademeli bir \u015fekilde Suriye&#8217;deki krizle ba\u015fa \u00e7\u0131kma vizyonlar\u0131n\u0131 yak\u0131nla\u015ft\u0131ran bir \u015fekilde, iki taraf, ge\u00e7ti\u011fimiz d\u00f6nemde \u00e7e\u015fitli taraflarca y\u00fcr\u00fct\u00fclen genel g\u00f6r\u00fc\u015fmeleri ve temaslar\u0131 ve \u00e7e\u015fitli pozisyonlar aras\u0131ndaki u\u00e7urumu kapatman\u0131n yollar\u0131n\u0131 g\u00f6r\u00fc\u015ft\u00fc\u2019\u2019 dedi.<\/p>\n<p>Ebu Zeyid, iki taraf\u0131n, krize \u00e7\u00f6z\u00fcm getirme \u00e7abalar\u0131n\u0131n uyumu nedeniyle Suriye ile ilgili Arap Bakanlar Komitesi ile Birle\u015fmi\u015f Milletler aras\u0131nda \u00e7al\u0131\u015fma ve koordinasyon yollar\u0131n\u0131 g\u00f6r\u00fc\u015ft\u00fc\u011f\u00fcn\u00fc belirtti.<\/p>\n<p>R.M<\/p>\n<p><a href=\"https:\/\/t.me\/SuriyeArapHaberAjansI\">Telegram Kanal\u0131m\u0131z\u00a0<\/a><\/p>\n<p><a href=\"https:\/\/www.facebook.com\/SANAHaberAjansi\/\">Facebook Sayfam\u0131z<\/a><\/p>\n<p><a href=\"https:\/\/twitter.com\/arap_ajans\">Twitter Hesab\u0131m\u0131z<\/a><\/p>\n","protected":false},"excerpt":{"rendered":"<p>KAH\u0130RE &#8211; M\u0131s\u0131r D\u0131\u015fi\u015fleri Bakan\u0131 Samih \u015e\u00fckri, BM Genel Sekreteri&#8217;nin Suriye \u00d6zel Temsilcisi Geir Pedersen ile bug\u00fcn yapt\u0131\u011f\u0131 telefon g\u00f6r\u00fc\u015fmesinde Suriye&#8217;deki krizi \u00e7\u00f6zmenin yollar\u0131n\u0131 g\u00f6r\u00fc\u015ft\u00fc. M\u0131s\u0131r medyas\u0131na g\u00f6re, M\u0131s\u0131r D\u0131\u015fi\u015fleri Bakanl\u0131\u011f\u0131 s\u00f6zc\u00fcs\u00fc Ahmed Ebu Zeyid, \u2018\u2019Suriye&#8217;deki krizi \u00e7\u00f6zmek ve Suriye halk\u0131n\u0131n ac\u0131lar\u0131n\u0131 hafifletmek i\u00e7in kademeli bir \u015fekilde Suriye&#8217;deki krizle ba\u015fa \u00e7\u0131kma vizyonlar\u0131n\u0131 yak\u0131nla\u015ft\u0131ran bir \u015fekilde, &hellip;<\/p>\n","protected":false},"author":41,"featured_media":282710,"comment_status":"closed","ping_status":"closed","sticky":false,"template":"","format":"standard","meta":{"footnotes":""},"categories":[458,459,17988],"tags":[],"class_list":["post-282709","post","type-post","status-publish","format-standard","has-post-thumbnail","","category-dunya1","category-haberler-arap-uluslararasi-politika","category-son-haberler"],"_links":{"self":[{"href":"https:\/\/archive.sana.sy\/tr\/index.php?rest_route=\/wp\/v2\/posts\/282709","targetHints":{"allow":["GET"]}}],"collection":[{"href":"https:\/\/archive.sana.sy\/tr\/index.php?rest_route=\/wp\/v2\/posts"}],"about":[{"href":"https:\/\/archive.sana.sy\/tr\/index.php?rest_route=\/wp\/v2\/types\/post"}],"author":[{"embeddable":true,"href":"https:\/\/archive.sana.sy\/tr\/index.php?rest_route=\/wp\/v2\/users\/41"}],"replies":[{"embeddable":true,"href":"https:\/\/archive.sana.sy\/tr\/index.php?rest_route=%2Fwp%2Fv2%2Fcomments&post=282709"}],"version-history":[{"count":0,"href":"https:\/\/archive.sana.sy\/tr\/index.php?rest_route=\/wp\/v2\/posts\/282709\/revisions"}],"wp:featuredmedia":[{"embeddable":true,"href":"https:\/\/archive.sana.sy\/tr\/index.php?rest_route=\/wp\/v2\/media\/282710"}],"wp:attachment":[{"href":"https:\/\/archive.sana.sy\/tr\/index.php?rest_route=%2Fwp%2Fv2%2Fmedia&parent=282709"}],"wp:term":[{"taxonomy":"category","embeddable":true,"href":"https:\/\/archive.sana.sy\/tr\/index.php?rest_route=%2Fwp%2Fv2%2Fcategories&post=282709"},{"taxonomy":"post_tag","embeddable":true,"href":"https:\/\/archive.sana.sy\/tr\/index.php?rest_route=%2Fwp%2Fv2%2Ftags&post=282709"}],"curies":[{"name":"wp","href":"https:\/\/api.w.org\/{rel}","templated":true}]}}