{"id":28272,"date":"2015-04-01T15:05:56","date_gmt":"2015-04-01T12:05:56","guid":{"rendered":"http:\/\/www.sana.sy\/tr\/?p=28272"},"modified":"2015-04-01T15:05:56","modified_gmt":"2015-04-01T12:05:56","slug":"de-mistura-istisare-oturumlarina-katilmayacak","status":"publish","type":"post","link":"https:\/\/archive.sana.sy\/tr\/?p=28272","title":{"rendered":"De Mistura \u0130sti\u015fare Oturumlar\u0131na Kat\u0131lmayacak"},"content":{"rendered":"<p>MOSKOVA \u2013 Birle\u015fmi\u015f Milletler genel sekreterinin Suriye \u00f6zel temsilcisi Stafan de Mistura\u2019n\u0131n ofis m\u00fcd\u00fcr\u00fc Havla Matar; de Mistura\u2019n\u0131n, 6 Nisan tarihinde Moskova&#8217;da yap\u0131lmas\u0131 beklenen Suriyeliler aras\u0131ndaki isti\u015fare oturumlar\u0131na kat\u0131lmayaca\u011f\u0131n\u0131 s\u00f6yledi.<\/p>\n<p>Rus Sputnik Ajans\u0131n\u0131n aktard\u0131\u011f\u0131 a\u00e7\u0131klamalar\u0131nda Matar; de Mistura\u2019n\u0131n ofisinden temsilci olarak kimin kat\u0131laca\u011f\u0131n\u0131 belirleme \u00e7al\u0131\u015fmalar\u0131n\u0131n devam etti\u011fini a\u00e7\u0131klad\u0131. Matar ofisin kat\u0131l\u0131m d\u00fczeyinin belirlenmesi amac\u0131yla de Mistura\u2019ya davet g\u00f6nderen Ruslarla oturumlar\u0131n g\u00fcndemine ili\u015fkin temaslar\u0131n s\u00fcrd\u00fc\u011f\u00fcn\u00fc belirtti.<\/p>\n<p>A.A. &#8211; M.M.<\/p>\n","protected":false},"excerpt":{"rendered":"<p>MOSKOVA \u2013 Birle\u015fmi\u015f Milletler genel sekreterinin Suriye \u00f6zel temsilcisi Stafan de Mistura\u2019n\u0131n ofis m\u00fcd\u00fcr\u00fc Havla Matar; de Mistura\u2019n\u0131n, 6 Nisan tarihinde Moskova&#8217;da yap\u0131lmas\u0131 beklenen Suriyeliler aras\u0131ndaki isti\u015fare oturumlar\u0131na kat\u0131lmayaca\u011f\u0131n\u0131 s\u00f6yledi. Rus Sputnik Ajans\u0131n\u0131n aktard\u0131\u011f\u0131 a\u00e7\u0131klamalar\u0131nda Matar; de Mistura\u2019n\u0131n ofisinden temsilci olarak kimin kat\u0131laca\u011f\u0131n\u0131 belirleme \u00e7al\u0131\u015fmalar\u0131n\u0131n devam etti\u011fini a\u00e7\u0131klad\u0131. Matar ofisin kat\u0131l\u0131m d\u00fczeyinin belirlenmesi amac\u0131yla de &hellip;<\/p>\n","protected":false},"author":1,"featured_media":28273,"comment_status":"closed","ping_status":"closed","sticky":false,"template":"","format":"standard","meta":{"footnotes":""},"categories":[458,459,447],"tags":[13165,13163,13164],"class_list":["post-28272","post","type-post","status-publish","format-standard","has-post-thumbnail","","category-dunya1","category-haberler-arap-uluslararasi-politika","category-politika","tag-6-nisan-tarihinde-moskovada-yapilmasi-beklenen-suriyeliler-arasindaki-istisare-oturumlarina-katilmayacagini-soyledi","tag-de-mistura-istisare-oturumlarina-katilmayacak","tag-moskova-birlesmis-milletler-genel-sekreterinin-suriye-ozel-temsilcisi-stafan-de-misturanin-ofis-muduru-havla-matar-de-misturanin"],"_links":{"self":[{"href":"https:\/\/archive.sana.sy\/tr\/index.php?rest_route=\/wp\/v2\/posts\/28272","targetHints":{"allow":["GET"]}}],"collection":[{"href":"https:\/\/archive.sana.sy\/tr\/index.php?rest_route=\/wp\/v2\/posts"}],"about":[{"href":"https:\/\/archive.sana.sy\/tr\/index.php?rest_route=\/wp\/v2\/types\/post"}],"author":[{"embeddable":true,"href":"https:\/\/archive.sana.sy\/tr\/index.php?rest_route=\/wp\/v2\/users\/1"}],"replies":[{"embeddable":true,"href":"https:\/\/archive.sana.sy\/tr\/index.php?rest_route=%2Fwp%2Fv2%2Fcomments&post=28272"}],"version-history":[{"count":0,"href":"https:\/\/archive.sana.sy\/tr\/index.php?rest_route=\/wp\/v2\/posts\/28272\/revisions"}],"wp:featuredmedia":[{"embeddable":true,"href":"https:\/\/archive.sana.sy\/tr\/index.php?rest_route=\/wp\/v2\/media\/28273"}],"wp:attachment":[{"href":"https:\/\/archive.sana.sy\/tr\/index.php?rest_route=%2Fwp%2Fv2%2Fmedia&parent=28272"}],"wp:term":[{"taxonomy":"category","embeddable":true,"href":"https:\/\/archive.sana.sy\/tr\/index.php?rest_route=%2Fwp%2Fv2%2Fcategories&post=28272"},{"taxonomy":"post_tag","embeddable":true,"href":"https:\/\/archive.sana.sy\/tr\/index.php?rest_route=%2Fwp%2Fv2%2Ftags&post=28272"}],"curies":[{"name":"wp","href":"https:\/\/api.w.org\/{rel}","templated":true}]}}