{"id":282731,"date":"2023-06-14T16:11:21","date_gmt":"2023-06-14T13:11:21","guid":{"rendered":"http:\/\/sana.sy\/tr\/?p=282731"},"modified":"2023-06-17T09:09:41","modified_gmt":"2023-06-17T06:09:41","slug":"turizm-bakanligi-bes-ayda-suriyeye-gelenlerin-sayisinda-yuzde-40-artis","status":"publish","type":"post","link":"https:\/\/archive.sana.sy\/tr\/?p=282731","title":{"rendered":"Turizm Bakanl\u0131\u011f\u0131: Be\u015f Ayda Suriye&#8217;ye Gelenlerin Say\u0131s\u0131nda Y\u00fczde 40 Art\u0131\u015f"},"content":{"rendered":"<p><strong>\u015eAM<\/strong> &#8211; Bu y\u0131l\u0131n ilk be\u015f ay\u0131nda Suriye&#8217;ye gelenlerin say\u0131s\u0131nda ge\u00e7en y\u0131l\u0131n ayn\u0131 d\u00f6nemine g\u00f6re art\u0131\u015f ya\u015fand\u0131. Bu DA, turizm hizmetlerinin kalitesinin iyile\u015ftirilmesi a\u00e7\u0131s\u0131ndan Bakanl\u0131\u011f\u0131n ald\u0131\u011f\u0131 olumlu prosed\u00fcr ve \u00f6nlemlerden kaynaklanmaktad\u0131r.<\/p>\n<p><img loading=\"lazy\" decoding=\"async\" class=\"size-full wp-image-282735 alignright\" src=\"http:\/\/sana.sy\/tr\/wp-content\/uploads\/2023\/06\/8-17-300x168-1.jpg\" alt=\"\" width=\"300\" height=\"168\" \/>Bu konuda Turizm Bakanl\u0131\u011f\u0131 Planlama ve Uluslararas\u0131 \u0130\u015fbirli\u011fi Direkt\u00f6r\u00fc \u00a0Ahid El Zeim SANA&#8217;ya, \u2018\u2019Bu y\u0131l\u0131n ilk be\u015f ay\u0131nda Suriye&#8217;ye gelenlerin toplam say\u0131s\u0131 727 bin oldu.\u2019\u2019 diyerek, gelenlerin 652 bin Arap ve 75 bin yabanc\u0131 aras\u0131nda da\u011f\u0131t\u0131ld\u0131\u011f\u0131na dikkati \u00e7ekti.<\/p>\n<p>\u0130\u00e7 turizm konusunda El Zeim, bakanl\u0131\u011f\u0131n i\u00e7 ve pop\u00fcler turizmi harekete ge\u00e7irmek i\u00e7in bir dizi projeyi tamamlamak i\u00e7in \u00e7al\u0131\u015ft\u0131\u011f\u0131n\u0131 a\u00e7\u0131klad\u0131.<\/p>\n<p>Bakanl\u0131k Turizm Pazarlama ve Medya Direkt\u00f6r\u00fc Ruba Sasila ise, Bakanl\u0131\u011f\u0131n Arap ve uluslararas\u0131 etkinlik, konferans ve sergilere kat\u0131l\u0131m\u0131 s\u0131ras\u0131nda ger\u00e7ekle\u015ftirdi\u011fi turizm tan\u0131t\u0131m ve pazarlamas\u0131n\u0131 belirtti.<\/p>\n<div id='gallery-1' class='gallery galleryid-282731 gallery-columns-2 gallery-size-medium'><figure class='gallery-item'>\n\t\t\t<div class='gallery-icon landscape'>\n\t\t\t\t<a href='https:\/\/archive.sana.sy\/tr\/?attachment_id=282733'><img loading=\"lazy\" decoding=\"async\" width=\"300\" height=\"168\" src=\"https:\/\/archive.sana.sy\/tr\/wp-content\/uploads\/2023\/06\/photo_2023-05-28_21-20-48-300x168.jpg\" class=\"attachment-medium size-medium\" alt=\"\" srcset=\"https:\/\/archive.sana.sy\/tr\/wp-content\/uploads\/2023\/06\/photo_2023-05-28_21-20-48-300x168.jpg 300w, https:\/\/archive.sana.sy\/tr\/wp-content\/uploads\/2023\/06\/photo_2023-05-28_21-20-48.jpg 660w\" sizes=\"auto, (max-width: 300px) 100vw, 300px\" \/><\/a>\n\t\t\t<\/div><\/figure><figure class='gallery-item'>\n\t\t\t<div class='gallery-icon landscape'>\n\t\t\t\t<a href='https:\/\/archive.sana.sy\/tr\/?attachment_id=282734'><img loading=\"lazy\" decoding=\"async\" width=\"300\" height=\"168\" src=\"https:\/\/archive.sana.sy\/tr\/wp-content\/uploads\/2023\/06\/DSC_7853-300x168.jpg\" class=\"attachment-medium size-medium\" alt=\"\" srcset=\"https:\/\/archive.sana.sy\/tr\/wp-content\/uploads\/2023\/06\/DSC_7853-300x168.jpg 300w, https:\/\/archive.sana.sy\/tr\/wp-content\/uploads\/2023\/06\/DSC_7853.jpg 660w\" sizes=\"auto, (max-width: 300px) 100vw, 300px\" \/><\/a>\n\t\t\t<\/div><\/figure>\n\t\t<\/div>\n\n<p>R.M<\/p>\n<p><a href=\"https:\/\/t.me\/SuriyeArapHaberAjansI\">Telegram Kanal\u0131m\u0131z\u00a0<\/a><\/p>\n<p><a href=\"https:\/\/www.facebook.com\/SANAHaberAjansi\/\">Facebook Sayfam\u0131z<\/a><\/p>\n<p><a href=\"https:\/\/twitter.com\/arap_ajans\">Twitter Hesab\u0131m\u0131z<\/a><\/p>\n","protected":false},"excerpt":{"rendered":"<p>\u015eAM &#8211; Bu y\u0131l\u0131n ilk be\u015f ay\u0131nda Suriye&#8217;ye gelenlerin say\u0131s\u0131nda ge\u00e7en y\u0131l\u0131n ayn\u0131 d\u00f6nemine g\u00f6re art\u0131\u015f ya\u015fand\u0131. Bu DA, turizm hizmetlerinin kalitesinin iyile\u015ftirilmesi a\u00e7\u0131s\u0131ndan Bakanl\u0131\u011f\u0131n ald\u0131\u011f\u0131 olumlu prosed\u00fcr ve \u00f6nlemlerden kaynaklanmaktad\u0131r. Bu konuda Turizm Bakanl\u0131\u011f\u0131 Planlama ve Uluslararas\u0131 \u0130\u015fbirli\u011fi Direkt\u00f6r\u00fc \u00a0Ahid El Zeim SANA&#8217;ya, \u2018\u2019Bu y\u0131l\u0131n ilk be\u015f ay\u0131nda Suriye&#8217;ye gelenlerin toplam say\u0131s\u0131 727 bin &hellip;<\/p>\n","protected":false},"author":41,"featured_media":282732,"comment_status":"closed","ping_status":"closed","sticky":false,"template":"","format":"standard","meta":{"footnotes":""},"categories":[526,479,17988,2553,478],"tags":[38278,22182,22634,19666],"class_list":["post-282731","post","type-post","status-publish","format-standard","has-post-thumbnail","","category-haber-ve-raporlar","category-haberler-yerel","category-son-haberler","category-turizm","category-yerel","tag-suriyenin-gunlik-durumu","tag-suriyede-savas","tag-suriyede-turizm","tag-suriyedeki-son-durum"],"_links":{"self":[{"href":"https:\/\/archive.sana.sy\/tr\/index.php?rest_route=\/wp\/v2\/posts\/282731","targetHints":{"allow":["GET"]}}],"collection":[{"href":"https:\/\/archive.sana.sy\/tr\/index.php?rest_route=\/wp\/v2\/posts"}],"about":[{"href":"https:\/\/archive.sana.sy\/tr\/index.php?rest_route=\/wp\/v2\/types\/post"}],"author":[{"embeddable":true,"href":"https:\/\/archive.sana.sy\/tr\/index.php?rest_route=\/wp\/v2\/users\/41"}],"replies":[{"embeddable":true,"href":"https:\/\/archive.sana.sy\/tr\/index.php?rest_route=%2Fwp%2Fv2%2Fcomments&post=282731"}],"version-history":[{"count":0,"href":"https:\/\/archive.sana.sy\/tr\/index.php?rest_route=\/wp\/v2\/posts\/282731\/revisions"}],"wp:featuredmedia":[{"embeddable":true,"href":"https:\/\/archive.sana.sy\/tr\/index.php?rest_route=\/wp\/v2\/media\/282732"}],"wp:attachment":[{"href":"https:\/\/archive.sana.sy\/tr\/index.php?rest_route=%2Fwp%2Fv2%2Fmedia&parent=282731"}],"wp:term":[{"taxonomy":"category","embeddable":true,"href":"https:\/\/archive.sana.sy\/tr\/index.php?rest_route=%2Fwp%2Fv2%2Fcategories&post=282731"},{"taxonomy":"post_tag","embeddable":true,"href":"https:\/\/archive.sana.sy\/tr\/index.php?rest_route=%2Fwp%2Fv2%2Ftags&post=282731"}],"curies":[{"name":"wp","href":"https:\/\/api.w.org\/{rel}","templated":true}]}}