{"id":282742,"date":"2023-06-14T19:02:59","date_gmt":"2023-06-14T16:02:59","guid":{"rendered":"http:\/\/sana.sy\/tr\/?p=282742"},"modified":"2023-06-17T09:09:45","modified_gmt":"2023-06-17T06:09:45","slug":"mikdad-ummanli-mevkidasi-el-busaidi-ile-ikili-iliskileri-telefonda-gorustu","status":"publish","type":"post","link":"https:\/\/archive.sana.sy\/tr\/?p=282742","title":{"rendered":"Mikdad Ummanl\u0131 Mevkida\u015f\u0131 El Busaidi \u0130le \u0130kili \u0130li\u015fkileri Telefonda G\u00f6r\u00fc\u015ft\u00fc"},"content":{"rendered":"<p><strong>\u015eAM<\/strong> &#8211; D\u0131\u015fi\u015fleri ve Gurbet\u00e7iler Bakan\u0131 Faysal Mikdad bug\u00fcn Umman Sultanl\u0131\u011f\u0131 D\u0131\u015fi\u015fleri Bakan\u0131 Bedir Hamad El Busaidi ile yapt\u0131\u011f\u0131 telefon g\u00f6r\u00fc\u015fmesinde, iki \u00fclke halklar\u0131n\u0131n istek ve \u00e7\u0131karlar\u0131 ile liderlerinin direktifleri do\u011frultusunda, iki karde\u015f \u00fclke olan Suriye ve Umman aras\u0131ndaki ikili ili\u015fkileri ve bunlar\u0131 geli\u015ftirmenin ve g\u00fc\u00e7lendirmenin yollar\u0131n\u0131 g\u00f6r\u00fc\u015ft\u00fc.<\/p>\n<p>G\u00f6r\u00fc\u015fmede Bakan Mikdad, Cumhurba\u015fkan\u0131 Be\u015f\u015far Esad liderli\u011findeki Suriye Arap Cumhuriyeti&#8217;nin, Sultan Heysem bin Tar\u0131k liderli\u011findeki Umman Sultanl\u0131\u011f\u0131&#8217;n\u0131n\u00a0 Son Arap zirvesi \u00f6ncesinde, s\u0131ras\u0131nda ve sonras\u0131nda, yak\u0131nla\u015fmay\u0131 sa\u011flamak ve b\u00f6lgeyi ve d\u00fcnyay\u0131 etkileyen ortak zorluklarla y\u00fczle\u015fmek i\u00e7in Arap konumunu g\u00fc\u00e7lendirmek i\u00e7in y\u00fcr\u00fctt\u00fc\u011f\u00fc ve s\u00fcrd\u00fcrmekte oldu\u011fu ba\u015far\u0131l\u0131 \u00e7al\u0131\u015fmalardan dolay\u0131 takdir ve te\u015fekk\u00fcrlerini dile getirdi.<\/p>\n<p>Mikdad ayr\u0131ca, Arap \u00e7\u0131karlar\u0131n\u0131 ve Arap birli\u011fini sa\u011flamay\u0131 ama\u00e7layan stratejik bir vizyona g\u00f6re Umman Sultanl\u0131\u011f\u0131&#8217;n\u0131n rol\u00fcn\u00fcn her zaman olumlu oldu\u011funu vurgulayarak, \u2018\u2019Suriye, iki karde\u015f \u00fclke halklar\u0131n\u0131 ilgilendiren t\u00fcm alanlarda Umman Sultanl\u0131\u011f\u0131 ile ili\u015fkilerini g\u00fc\u00e7lendirmeyi her zaman d\u00f6rt g\u00f6zle bekliyor.\u2019\u2019 dedi.<\/p>\n<p>Bakan El Busaidi ise, \u00a0Suriye ve b\u00f6lgedeki olumlu geli\u015fmelerden duydu\u011fu memnuniyeti dile getirerek, Saltanat\u0131n ter\u00f6re kar\u015f\u0131 koymada ve Suriye&#8217;nin egemenli\u011fini, ba\u011f\u0131ms\u0131zl\u0131\u011f\u0131n\u0131 ve toprak b\u00fct\u00fcnl\u00fc\u011f\u00fcn\u00fc korumada Suriye&#8217;yi destekleyici duru\u015flar\u0131ndaki kararl\u0131l\u0131\u011f\u0131n\u0131 vurgulad\u0131.<\/p>\n<p>El Busaidi ayr\u0131ca, Saltanat\u0131n her zaman ortak ama\u00e7lar\u0131m\u0131z ad\u0131na b\u00f6lgesel, b\u00f6lgesel ve uluslararas\u0131 d\u00fczeyde kar\u015f\u0131l\u0131kl\u0131 i\u015fbirli\u011fini geli\u015ftirme arzusunu kaydetti.<\/p>\n<p>\u0130ki bakan, ortak ilgi alan\u0131na giren \u00e7e\u015fitli konular ve dosyalar \u00fczerinde koordinasyon ve isti\u015fareyi s\u00fcrd\u00fcrme konusunda anla\u015ft\u0131lar.<\/p>\n<p>R.M<\/p>\n<p><a href=\"https:\/\/t.me\/SuriyeArapHaberAjansI\">Telegram Kanal\u0131m\u0131z\u00a0<\/a><\/p>\n<p><a href=\"https:\/\/www.facebook.com\/SANAHaberAjansi\/\">Facebook Sayfam\u0131z<\/a><\/p>\n<p><a href=\"https:\/\/twitter.com\/arap_ajans\">Twitter Hesab\u0131m\u0131z<\/a><\/p>\n","protected":false},"excerpt":{"rendered":"<p>\u015eAM &#8211; D\u0131\u015fi\u015fleri ve Gurbet\u00e7iler Bakan\u0131 Faysal Mikdad bug\u00fcn Umman Sultanl\u0131\u011f\u0131 D\u0131\u015fi\u015fleri Bakan\u0131 Bedir Hamad El Busaidi ile yapt\u0131\u011f\u0131 telefon g\u00f6r\u00fc\u015fmesinde, iki \u00fclke halklar\u0131n\u0131n istek ve \u00e7\u0131karlar\u0131 ile liderlerinin direktifleri do\u011frultusunda, iki karde\u015f \u00fclke olan Suriye ve Umman aras\u0131ndaki ikili ili\u015fkileri ve bunlar\u0131 geli\u015ftirmenin ve g\u00fc\u00e7lendirmenin yollar\u0131n\u0131 g\u00f6r\u00fc\u015ft\u00fc. G\u00f6r\u00fc\u015fmede Bakan Mikdad, Cumhurba\u015fkan\u0131 Be\u015f\u015far Esad liderli\u011findeki &hellip;<\/p>\n","protected":false},"author":41,"featured_media":282743,"comment_status":"closed","ping_status":"closed","sticky":false,"template":"","format":"standard","meta":{"footnotes":""},"categories":[458,459,17988],"tags":[1551,38266,38279,38280,19043,22182],"class_list":["post-282742","post","type-post","status-publish","format-standard","has-post-thumbnail","","category-dunya1","category-haberler-arap-uluslararasi-politika","category-son-haberler","tag-cumhurbaskani-bessar-esad","tag-faysal-mikdad","tag-heysem-bin-tarik","tag-suriye-ile-normallesme","tag-suriyede-son-durum","tag-suriyede-savas"],"_links":{"self":[{"href":"https:\/\/archive.sana.sy\/tr\/index.php?rest_route=\/wp\/v2\/posts\/282742","targetHints":{"allow":["GET"]}}],"collection":[{"href":"https:\/\/archive.sana.sy\/tr\/index.php?rest_route=\/wp\/v2\/posts"}],"about":[{"href":"https:\/\/archive.sana.sy\/tr\/index.php?rest_route=\/wp\/v2\/types\/post"}],"author":[{"embeddable":true,"href":"https:\/\/archive.sana.sy\/tr\/index.php?rest_route=\/wp\/v2\/users\/41"}],"replies":[{"embeddable":true,"href":"https:\/\/archive.sana.sy\/tr\/index.php?rest_route=%2Fwp%2Fv2%2Fcomments&post=282742"}],"version-history":[{"count":0,"href":"https:\/\/archive.sana.sy\/tr\/index.php?rest_route=\/wp\/v2\/posts\/282742\/revisions"}],"wp:featuredmedia":[{"embeddable":true,"href":"https:\/\/archive.sana.sy\/tr\/index.php?rest_route=\/wp\/v2\/media\/282743"}],"wp:attachment":[{"href":"https:\/\/archive.sana.sy\/tr\/index.php?rest_route=%2Fwp%2Fv2%2Fmedia&parent=282742"}],"wp:term":[{"taxonomy":"category","embeddable":true,"href":"https:\/\/archive.sana.sy\/tr\/index.php?rest_route=%2Fwp%2Fv2%2Fcategories&post=282742"},{"taxonomy":"post_tag","embeddable":true,"href":"https:\/\/archive.sana.sy\/tr\/index.php?rest_route=%2Fwp%2Fv2%2Ftags&post=282742"}],"curies":[{"name":"wp","href":"https:\/\/api.w.org\/{rel}","templated":true}]}}