{"id":28277,"date":"2015-04-01T15:15:08","date_gmt":"2015-04-01T12:15:08","guid":{"rendered":"http:\/\/www.sana.sy\/tr\/?p=28277"},"modified":"2015-04-01T15:15:08","modified_gmt":"2015-04-01T12:15:08","slug":"suudi-ucaklari-fabrikayi-bombaladi","status":"publish","type":"post","link":"https:\/\/archive.sana.sy\/tr\/?p=28277","title":{"rendered":"Suudi U\u00e7aklar\u0131 Fabrikay\u0131 Bombalad\u0131"},"content":{"rendered":"<p>SANA \u2013 Suudi krall\u0131k rejimine tabi sava\u015f u\u00e7aklar\u0131n\u0131n d\u00fcn gece saatlerinde Yemen\u2019in bat\u0131s\u0131 Hdayda ilinde bir s\u00fct \u00fcr\u00fcnleri fabrikas\u0131n\u0131 bombalamalar\u0131 sonucunda Yemenli 28 vatanda\u015f \u00f6ld\u00fc, 25 vatanda\u015f da yaraland\u0131.<\/p>\n<p>Yemen \u0130\u00e7i\u015fleri bakanl\u0131\u011f\u0131nda bir kaynak Suudi rejimi ve m\u00fcttefiklerine tabi sava\u015f u\u00e7aklar\u0131n\u0131n Yemen halk\u0131, altyap\u0131s\u0131 ve hizmet kurumlar\u0131n\u0131 kasti bir \u015fekilde hedef ald\u0131klar\u0131n\u0131 belirtti. Kaynak \u2018Siyo-Amerikan\u2019 rejimi olarak adland\u0131rd\u0131\u011f\u0131 Suudi rejimi sava\u015f u\u00e7aklar\u0131n\u0131n; Yemen\u2019in muhtelif b\u00f6lgelerinde bir dizi sivil mevkii bombalad\u0131klar\u0131n\u0131 aktard\u0131.<\/p>\n<p>Sada B\u00f6lgesinde sivil bir evin bombaland\u0131\u011f\u0131n\u0131 aktaran kaynak, sald\u0131r\u0131da iki kad\u0131n\u0131n \u015fehit olduklar\u0131n\u0131 s\u00f6zlerine ekledi.<\/p>\n<p>Bir \u00f6nceki g\u00fcn ba\u015fkent Sana yak\u0131nlar\u0131nda m\u00fcltecilerin kald\u0131klar\u0131 bir kamp\u0131 hedef alan Suudi u\u00e7aklar\u0131; 45 sivil vatanda\u015f\u0131n \u00f6l\u00fcm\u00fcne, 65 vatanda\u015f\u0131n da yaralanmalar\u0131na yol a\u00e7m\u0131\u015ft\u0131.<\/p>\n<p>A.A. &#8211; M.M.<\/p>\n","protected":false},"excerpt":{"rendered":"<p>SANA \u2013 Suudi krall\u0131k rejimine tabi sava\u015f u\u00e7aklar\u0131n\u0131n d\u00fcn gece saatlerinde Yemen\u2019in bat\u0131s\u0131 Hdayda ilinde bir s\u00fct \u00fcr\u00fcnleri fabrikas\u0131n\u0131 bombalamalar\u0131 sonucunda Yemenli 28 vatanda\u015f \u00f6ld\u00fc, 25 vatanda\u015f da yaraland\u0131. Yemen \u0130\u00e7i\u015fleri bakanl\u0131\u011f\u0131nda bir kaynak Suudi rejimi ve m\u00fcttefiklerine tabi sava\u015f u\u00e7aklar\u0131n\u0131n Yemen halk\u0131, altyap\u0131s\u0131 ve hizmet kurumlar\u0131n\u0131 kasti bir \u015fekilde hedef ald\u0131klar\u0131n\u0131 belirtti. Kaynak \u2018Siyo-Amerikan\u2019 &hellip;<\/p>\n","protected":false},"author":1,"featured_media":28274,"comment_status":"closed","ping_status":"closed","sticky":false,"template":"","format":"standard","meta":{"footnotes":""},"categories":[458,459,447],"tags":[13168,13167,13166],"class_list":["post-28277","post","type-post","status-publish","format-standard","has-post-thumbnail","","category-dunya1","category-haberler-arap-uluslararasi-politika","category-politika","tag-25-vatandas-da-yaralandi","tag-sana-suudi-krallik-rejimine-tabi-savas-ucaklarinin-dun-gece-saatlerinde-yemenin-batisi-hdayda-ilinde-bir-sut-urunleri-fabrikasini-bombalamalari-sonucunda-yemenli-28-vatandas-oldu","tag-suudi-ucaklari-fabrikayi-bombaladi"],"_links":{"self":[{"href":"https:\/\/archive.sana.sy\/tr\/index.php?rest_route=\/wp\/v2\/posts\/28277","targetHints":{"allow":["GET"]}}],"collection":[{"href":"https:\/\/archive.sana.sy\/tr\/index.php?rest_route=\/wp\/v2\/posts"}],"about":[{"href":"https:\/\/archive.sana.sy\/tr\/index.php?rest_route=\/wp\/v2\/types\/post"}],"author":[{"embeddable":true,"href":"https:\/\/archive.sana.sy\/tr\/index.php?rest_route=\/wp\/v2\/users\/1"}],"replies":[{"embeddable":true,"href":"https:\/\/archive.sana.sy\/tr\/index.php?rest_route=%2Fwp%2Fv2%2Fcomments&post=28277"}],"version-history":[{"count":0,"href":"https:\/\/archive.sana.sy\/tr\/index.php?rest_route=\/wp\/v2\/posts\/28277\/revisions"}],"wp:featuredmedia":[{"embeddable":true,"href":"https:\/\/archive.sana.sy\/tr\/index.php?rest_route=\/wp\/v2\/media\/28274"}],"wp:attachment":[{"href":"https:\/\/archive.sana.sy\/tr\/index.php?rest_route=%2Fwp%2Fv2%2Fmedia&parent=28277"}],"wp:term":[{"taxonomy":"category","embeddable":true,"href":"https:\/\/archive.sana.sy\/tr\/index.php?rest_route=%2Fwp%2Fv2%2Fcategories&post=28277"},{"taxonomy":"post_tag","embeddable":true,"href":"https:\/\/archive.sana.sy\/tr\/index.php?rest_route=%2Fwp%2Fv2%2Ftags&post=28277"}],"curies":[{"name":"wp","href":"https:\/\/api.w.org\/{rel}","templated":true}]}}