{"id":28284,"date":"2015-04-01T15:49:48","date_gmt":"2015-04-01T12:49:48","guid":{"rendered":"http:\/\/www.sana.sy\/tr\/?p=28284"},"modified":"2015-04-01T20:20:56","modified_gmt":"2015-04-01T17:20:56","slug":"urdun-hukumeti-sonuclarina-katlanacak","status":"publish","type":"post","link":"https:\/\/archive.sana.sy\/tr\/?p=28284","title":{"rendered":"\u00dcrd\u00fcn H\u00fck\u00fcmeti Sonu\u00e7lar\u0131na Katlanacak"},"content":{"rendered":"<p>\u015eAM \u2013 D\u0131\u015fi\u015fleri ve Gurbet\u00e7iler Bakanl\u0131\u011f\u0131nda bir kaynak; \u00dcrd\u00fcn h\u00fck\u00fcmetinin Nasib S\u0131n\u0131r Kap\u0131s\u0131n\u0131 \u00dcrd\u00fcn taraf\u0131ndan kapatt\u0131\u011f\u0131n\u0131 a\u00e7\u0131klad\u0131.<\/p>\n<p>Kaynak bug\u00fcn yapt\u0131\u011f\u0131 a\u00e7\u0131klamada Suriye h\u00fck\u00fcmetinin; s\u0131n\u0131r kap\u0131s\u0131n\u0131n kapat\u0131p ara\u00e7 ve insanlar\u0131n ge\u00e7i\u015flerini engellemenin yan\u0131 s\u0131ra bunun yol a\u00e7aca\u011f\u0131 sosyal ve ekonomik sonu\u00e7lardan \u00dcrd\u00fcn h\u00fck\u00fcmetini sorumlu tuttu\u011funu belirtti.<\/p>\n<p>Bu arada Nasib S\u0131n\u0131r Kap\u0131s\u0131 Dera il s\u0131n\u0131rlar\u0131na d\u00fc\u015fen Nasib b\u00f6lgesinden \u00dcrd\u00fcn ve oradan da di\u011fer Arap \u00fclkelerine a\u00e7\u0131l\u0131yor.<\/p>\n<p>A.A. &#8211; M.M.<\/p>\n","protected":false},"excerpt":{"rendered":"<p>\u015eAM \u2013 D\u0131\u015fi\u015fleri ve Gurbet\u00e7iler Bakanl\u0131\u011f\u0131nda bir kaynak; \u00dcrd\u00fcn h\u00fck\u00fcmetinin Nasib S\u0131n\u0131r Kap\u0131s\u0131n\u0131 \u00dcrd\u00fcn taraf\u0131ndan kapatt\u0131\u011f\u0131n\u0131 a\u00e7\u0131klad\u0131. Kaynak bug\u00fcn yapt\u0131\u011f\u0131 a\u00e7\u0131klamada Suriye h\u00fck\u00fcmetinin; s\u0131n\u0131r kap\u0131s\u0131n\u0131n kapat\u0131p ara\u00e7 ve insanlar\u0131n ge\u00e7i\u015flerini engellemenin yan\u0131 s\u0131ra bunun yol a\u00e7aca\u011f\u0131 sosyal ve ekonomik sonu\u00e7lardan \u00dcrd\u00fcn h\u00fck\u00fcmetini sorumlu tuttu\u011funu belirtti. Bu arada Nasib S\u0131n\u0131r Kap\u0131s\u0131 Dera il s\u0131n\u0131rlar\u0131na d\u00fc\u015fen Nasib &hellip;<\/p>\n","protected":false},"author":1,"featured_media":23942,"comment_status":"closed","ping_status":"closed","sticky":false,"template":"","format":"standard","meta":{"footnotes":""},"categories":[479,478],"tags":[13181,13174],"class_list":["post-28284","post","type-post","status-publish","format-standard","has-post-thumbnail","","category-haberler-yerel","category-yerel","tag-urdun-hukumeti-sonuclarina-katlanacak","tag-urdun-hukumeti-sonuclarina-katlanacak-sam-disisleri-ve-gurbetciler-bakanliginda-bir-kaynak-urdun-hukumetinin-nasib-sinir-kapisini-urdun-tarafindan-kapattigini-acikladi"],"_links":{"self":[{"href":"https:\/\/archive.sana.sy\/tr\/index.php?rest_route=\/wp\/v2\/posts\/28284","targetHints":{"allow":["GET"]}}],"collection":[{"href":"https:\/\/archive.sana.sy\/tr\/index.php?rest_route=\/wp\/v2\/posts"}],"about":[{"href":"https:\/\/archive.sana.sy\/tr\/index.php?rest_route=\/wp\/v2\/types\/post"}],"author":[{"embeddable":true,"href":"https:\/\/archive.sana.sy\/tr\/index.php?rest_route=\/wp\/v2\/users\/1"}],"replies":[{"embeddable":true,"href":"https:\/\/archive.sana.sy\/tr\/index.php?rest_route=%2Fwp%2Fv2%2Fcomments&post=28284"}],"version-history":[{"count":0,"href":"https:\/\/archive.sana.sy\/tr\/index.php?rest_route=\/wp\/v2\/posts\/28284\/revisions"}],"wp:featuredmedia":[{"embeddable":true,"href":"https:\/\/archive.sana.sy\/tr\/index.php?rest_route=\/wp\/v2\/media\/23942"}],"wp:attachment":[{"href":"https:\/\/archive.sana.sy\/tr\/index.php?rest_route=%2Fwp%2Fv2%2Fmedia&parent=28284"}],"wp:term":[{"taxonomy":"category","embeddable":true,"href":"https:\/\/archive.sana.sy\/tr\/index.php?rest_route=%2Fwp%2Fv2%2Fcategories&post=28284"},{"taxonomy":"post_tag","embeddable":true,"href":"https:\/\/archive.sana.sy\/tr\/index.php?rest_route=%2Fwp%2Fv2%2Ftags&post=28284"}],"curies":[{"name":"wp","href":"https:\/\/api.w.org\/{rel}","templated":true}]}}