{"id":282877,"date":"2023-06-19T14:55:39","date_gmt":"2023-06-19T11:55:39","guid":{"rendered":"http:\/\/sana.sy\/tr\/?p=282877"},"modified":"2023-06-20T14:15:35","modified_gmt":"2023-06-20T11:15:35","slug":"lavrov-batinin-rusyayi-tecrit-etme-girisimleri-tam-bir-basarisizliktir","status":"publish","type":"post","link":"https:\/\/archive.sana.sy\/tr\/?p=282877","title":{"rendered":"Lavrov: Bat\u0131&#8217;n\u0131n Rusya&#8217;y\u0131 Tecrit Etme Giri\u015fimleri Tam Bir Ba\u015far\u0131s\u0131zl\u0131kt\u0131r"},"content":{"rendered":"<p><strong>MOSKOVA<\/strong>&#8211; Rusya D\u0131\u015fi\u015fleri Bakan\u0131 Sergey Lavrov, Bat\u0131&#8217;n\u0131n Rusya&#8217;y\u0131 tecrit etme giri\u015fimlerinin ba\u015far\u0131s\u0131zl\u0131kla sonu\u00e7land\u0131\u011f\u0131n\u0131 ve d\u00fcnya halklar\u0131n\u0131n \u00e7o\u011funun Bat\u0131&#8217;n\u0131n politikalar\u0131n\u0131 izlemek istemedi\u011fini do\u011frulad\u0131.<\/p>\n<p>Lavrov, bug\u00fcn Moskova&#8217;da d\u00fczenlenen Birle\u015fik Rusya Parti Konseyi toplant\u0131s\u0131nda yapt\u0131\u011f\u0131 konu\u015fmada, \u2018\u2019Bat\u0131&#8217;n\u0131n Rusya&#8217;y\u0131 tecrit etme giri\u015fimleri tam bir ba\u015far\u0131s\u0131zl\u0131kt\u0131r ve d\u00fcnya n\u00fcfusunun yakla\u015f\u0131k y\u00fczde 85&#8217;i Bat\u0131 politikalar\u0131n\u0131 takip etmek ve onlara boyun e\u011fmek istemiyor. Ancak uluslararas\u0131 ili\u015fkileri g\u00fc\u00e7lendirmek ve ulusal \u00e7\u0131karlar\u0131n\u0131 savunmak i\u00e7in Rusya ile i\u015fbirli\u011fi yapmakla ilgileniyorlar\u2019\u2019 dedi.<\/p>\n<p>Bakan Lavrov ayr\u0131ca, Rusya&#8217;n\u0131n t\u00fcm d\u00fcnya \u00fclkeleri ile ili\u015fkilerini hegemonyadan uzak, kar\u015f\u0131l\u0131kl\u0131 sayg\u0131, ulusal \u00e7\u0131karlar\u0131n ger\u00e7ekle\u015ftirilmesi, uluslararas\u0131 hukuka ve Birle\u015fmi\u015f Milletler \u015eart\u0131&#8217;na uyma temelinde in\u015fa etmeye \u00e7al\u0131\u015ft\u0131\u011f\u0131n\u0131 belirtti.<\/p>\n<p>Bat\u0131&#8217;n\u0131n Rusya&#8217;ya uygulad\u0131\u011f\u0131 yapt\u0131r\u0131mlar\u0131n Asya, Afrika, Latin Amerika ve Ortado\u011fu&#8217;da yeni ortaklarla i\u015fbirli\u011fine bir\u00e7ok alan a\u00e7t\u0131\u011f\u0131n\u0131 a\u00e7\u0131klayan Lavrov, \u00fclkesinin, Bat\u0131&#8217;dan gelen k\u0131s\u0131tlamalarla kar\u015f\u0131 kar\u015f\u0131ya olan \u00fclkelerin \u00e7o\u011funu \u00e7ekmek i\u00e7in \u015eanghay \u0130\u015fbirli\u011fi \u00d6rg\u00fct\u00fc ve BRICS&#8217;in yeteneklerinden yararlanmaya \u00e7al\u0131\u015ft\u0131\u011f\u0131n\u0131 belirtiyor.<\/p>\n<p>R.M<\/p>\n<p><a href=\"https:\/\/t.me\/SuriyeArapHaberAjansI\">Telegram Kanal\u0131m\u0131z\u00a0<\/a><\/p>\n<p><a href=\"https:\/\/www.facebook.com\/SANAHaberAjansi\/\">Facebook Sayfam\u0131z<\/a><\/p>\n<p><a href=\"https:\/\/twitter.com\/arap_ajans\">Twitter Hesab\u0131m\u0131z<\/a><\/p>\n","protected":false},"excerpt":{"rendered":"<p>MOSKOVA&#8211; Rusya D\u0131\u015fi\u015fleri Bakan\u0131 Sergey Lavrov, Bat\u0131&#8217;n\u0131n Rusya&#8217;y\u0131 tecrit etme giri\u015fimlerinin ba\u015far\u0131s\u0131zl\u0131kla sonu\u00e7land\u0131\u011f\u0131n\u0131 ve d\u00fcnya halklar\u0131n\u0131n \u00e7o\u011funun Bat\u0131&#8217;n\u0131n politikalar\u0131n\u0131 izlemek istemedi\u011fini do\u011frulad\u0131. Lavrov, bug\u00fcn Moskova&#8217;da d\u00fczenlenen Birle\u015fik Rusya Parti Konseyi toplant\u0131s\u0131nda yapt\u0131\u011f\u0131 konu\u015fmada, \u2018\u2019Bat\u0131&#8217;n\u0131n Rusya&#8217;y\u0131 tecrit etme giri\u015fimleri tam bir ba\u015far\u0131s\u0131zl\u0131kt\u0131r ve d\u00fcnya n\u00fcfusunun yakla\u015f\u0131k y\u00fczde 85&#8217;i Bat\u0131 politikalar\u0131n\u0131 takip etmek ve onlara boyun e\u011fmek &hellip;<\/p>\n","protected":false},"author":41,"featured_media":282878,"comment_status":"closed","ping_status":"closed","sticky":false,"template":"","format":"standard","meta":{"footnotes":""},"categories":[458,459,17988],"tags":[],"class_list":["post-282877","post","type-post","status-publish","format-standard","has-post-thumbnail","","category-dunya1","category-haberler-arap-uluslararasi-politika","category-son-haberler"],"_links":{"self":[{"href":"https:\/\/archive.sana.sy\/tr\/index.php?rest_route=\/wp\/v2\/posts\/282877","targetHints":{"allow":["GET"]}}],"collection":[{"href":"https:\/\/archive.sana.sy\/tr\/index.php?rest_route=\/wp\/v2\/posts"}],"about":[{"href":"https:\/\/archive.sana.sy\/tr\/index.php?rest_route=\/wp\/v2\/types\/post"}],"author":[{"embeddable":true,"href":"https:\/\/archive.sana.sy\/tr\/index.php?rest_route=\/wp\/v2\/users\/41"}],"replies":[{"embeddable":true,"href":"https:\/\/archive.sana.sy\/tr\/index.php?rest_route=%2Fwp%2Fv2%2Fcomments&post=282877"}],"version-history":[{"count":0,"href":"https:\/\/archive.sana.sy\/tr\/index.php?rest_route=\/wp\/v2\/posts\/282877\/revisions"}],"wp:featuredmedia":[{"embeddable":true,"href":"https:\/\/archive.sana.sy\/tr\/index.php?rest_route=\/wp\/v2\/media\/282878"}],"wp:attachment":[{"href":"https:\/\/archive.sana.sy\/tr\/index.php?rest_route=%2Fwp%2Fv2%2Fmedia&parent=282877"}],"wp:term":[{"taxonomy":"category","embeddable":true,"href":"https:\/\/archive.sana.sy\/tr\/index.php?rest_route=%2Fwp%2Fv2%2Fcategories&post=282877"},{"taxonomy":"post_tag","embeddable":true,"href":"https:\/\/archive.sana.sy\/tr\/index.php?rest_route=%2Fwp%2Fv2%2Ftags&post=282877"}],"curies":[{"name":"wp","href":"https:\/\/api.w.org\/{rel}","templated":true}]}}