{"id":28288,"date":"2015-04-01T16:01:04","date_gmt":"2015-04-01T13:01:04","guid":{"rendered":"http:\/\/www.sana.sy\/tr\/?p=28288"},"modified":"2015-04-01T16:01:04","modified_gmt":"2015-04-01T13:01:04","slug":"teroristlerden-kacan-kamu-calisanlari-benzer-islerde-calisacak","status":"publish","type":"post","link":"https:\/\/archive.sana.sy\/tr\/?p=28288","title":{"rendered":"Ter\u00f6ristlerden Ka\u00e7an Kamu \u00c7al\u0131\u015fanlar\u0131 Benzer \u0130\u015flerde \u00c7al\u0131\u015facak"},"content":{"rendered":"<p>HAMA \u2013 Hama Valisi Gassan Halef; T\u00fcrkiye&#8217;deki rejimin destekleriyle \u0130dlib Kentine giren radikal ter\u00f6r \u00e7etelerinden ka\u00e7an devlet \u00e7al\u0131\u015fanlar\u0131n\u0131n Hama\u2019da daha \u00f6nceki i\u015flerine benzer i\u015flerde \u00e7al\u0131\u015facaklar\u0131n\u0131 a\u00e7\u0131klad\u0131.<\/p>\n<p>Vali Halef \u0130dlib\u2019te devlet kurumlar\u0131, fabrika, banka ve daha ba\u015fka i\u015flerde \u00e7al\u0131\u015fan ve \u0130dlib\u2019te ter\u00f6r \u00e7etelerinin ter\u00f6rlerinden ka\u00e7an t\u00fcm personelleri Hama\u2019da ilgili kurumlara ba\u015fvuruda bulunup i\u015flerine devam etmelerini talep etti.<\/p>\n<p>Erdo\u011fan \u00e7etelerinin \u0130dlib Kentine sald\u0131rmalar\u0131yla on binlerce vatanda\u015f\u0131n evini bark\u0131n\u0131 b\u0131rak\u0131p ka\u00e7t\u0131klar\u0131na dikkat \u00e7eken Halef; bu masum insanlar\u0131n ge\u00e7ici olarak ikamet ettikleri merkezlere saha gezilerinin d\u00fczenlenmesi ve t\u00fcm ihtiya\u00e7lar\u0131n\u0131n kar\u015f\u0131lanmas\u0131 talimatlar\u0131 verdi.<\/p>\n<p>Halef \u0130dlib Kentinden ka\u00e7\u0131p Hama\u2019ya gelen aile say\u0131s\u0131n\u0131n 450\u2019den fazla oldu\u011funu a\u00e7\u0131klarken, aralar\u0131nda \u00e7ocuk ve kad\u0131nlar\u0131n bulundu\u011fu bu ter\u00f6r ma\u011fdurlar\u0131n\u0131n ge\u00e7ici ikamet merkezlerine al\u0131n\u0131p g\u0131da ve t\u0131bbi ihtiya\u00e7lar\u0131n\u0131n kar\u015f\u0131land\u0131\u011f\u0131n\u0131 belirtti.<\/p>\n<p>A.A. &#8211; M.M.<\/p>\n","protected":false},"excerpt":{"rendered":"<p>HAMA \u2013 Hama Valisi Gassan Halef; T\u00fcrkiye&#8217;deki rejimin destekleriyle \u0130dlib Kentine giren radikal ter\u00f6r \u00e7etelerinden ka\u00e7an devlet \u00e7al\u0131\u015fanlar\u0131n\u0131n Hama\u2019da daha \u00f6nceki i\u015flerine benzer i\u015flerde \u00e7al\u0131\u015facaklar\u0131n\u0131 a\u00e7\u0131klad\u0131. Vali Halef \u0130dlib\u2019te devlet kurumlar\u0131, fabrika, banka ve daha ba\u015fka i\u015flerde \u00e7al\u0131\u015fan ve \u0130dlib\u2019te ter\u00f6r \u00e7etelerinin ter\u00f6rlerinden ka\u00e7an t\u00fcm personelleri Hama\u2019da ilgili kurumlara ba\u015fvuruda bulunup i\u015flerine devam etmelerini talep &hellip;<\/p>\n","protected":false},"author":1,"featured_media":28287,"comment_status":"closed","ping_status":"closed","sticky":false,"template":"","format":"standard","meta":{"footnotes":""},"categories":[479,478],"tags":[13176,13175],"class_list":["post-28288","post","type-post","status-publish","format-standard","has-post-thumbnail","","category-haberler-yerel","category-yerel","tag-hama-hama-valisi-gassan-halef-turkiyedeki-rejimin-destekleriyle-idlib-kentine-giren-radikal-teror-cetelerinden-kacan-devlet-calisanlarinin-hamada-daha-onceki-islerine-benzer-isler","tag-teroristlerden-kacan-kamu-calisanlari-benzer-islerde-calisacak"],"_links":{"self":[{"href":"https:\/\/archive.sana.sy\/tr\/index.php?rest_route=\/wp\/v2\/posts\/28288","targetHints":{"allow":["GET"]}}],"collection":[{"href":"https:\/\/archive.sana.sy\/tr\/index.php?rest_route=\/wp\/v2\/posts"}],"about":[{"href":"https:\/\/archive.sana.sy\/tr\/index.php?rest_route=\/wp\/v2\/types\/post"}],"author":[{"embeddable":true,"href":"https:\/\/archive.sana.sy\/tr\/index.php?rest_route=\/wp\/v2\/users\/1"}],"replies":[{"embeddable":true,"href":"https:\/\/archive.sana.sy\/tr\/index.php?rest_route=%2Fwp%2Fv2%2Fcomments&post=28288"}],"version-history":[{"count":0,"href":"https:\/\/archive.sana.sy\/tr\/index.php?rest_route=\/wp\/v2\/posts\/28288\/revisions"}],"wp:featuredmedia":[{"embeddable":true,"href":"https:\/\/archive.sana.sy\/tr\/index.php?rest_route=\/wp\/v2\/media\/28287"}],"wp:attachment":[{"href":"https:\/\/archive.sana.sy\/tr\/index.php?rest_route=%2Fwp%2Fv2%2Fmedia&parent=28288"}],"wp:term":[{"taxonomy":"category","embeddable":true,"href":"https:\/\/archive.sana.sy\/tr\/index.php?rest_route=%2Fwp%2Fv2%2Fcategories&post=28288"},{"taxonomy":"post_tag","embeddable":true,"href":"https:\/\/archive.sana.sy\/tr\/index.php?rest_route=%2Fwp%2Fv2%2Ftags&post=28288"}],"curies":[{"name":"wp","href":"https:\/\/api.w.org\/{rel}","templated":true}]}}