{"id":282880,"date":"2023-06-19T15:02:12","date_gmt":"2023-06-19T12:02:12","guid":{"rendered":"http:\/\/sana.sy\/tr\/?p=282880"},"modified":"2023-06-20T14:15:40","modified_gmt":"2023-06-20T11:15:40","slug":"arap-medyasi-daimi-komitesi-suriyenin-katilimiyla-fasta-duzenlendi","status":"publish","type":"post","link":"https:\/\/archive.sana.sy\/tr\/?p=282880","title":{"rendered":"Arap Medyas\u0131 Daimi Komitesi Suriye&#8217;nin Kat\u0131l\u0131m\u0131yla Fas&#8217;ta D\u00fczenlendi"},"content":{"rendered":"<p><strong>RABAT<\/strong> &#8211; Suriye&#8217;nin kat\u0131l\u0131m\u0131yla Arap Medyas\u0131 Daimi Komitesi&#8217;nin 99&#8217;uncu, Arap Enformasyon Bakanlar\u0131 Konseyi Y\u00fcr\u00fctme Ofisi&#8217;nin 17&#8217;nci ve Enformasyon Bakanlar\u0131 Konseyi&#8217;nin 53&#8217;\u00fcnc\u00fc ola\u011fan toplant\u0131lar\u0131 Fas&#8217;\u0131n ba\u015fkenti Rabat&#8217;ta d\u00fczenlendi.<\/p>\n<p>d\u00fczenlenen oturumlarda Suriye&#8217;yi Enformasyon Bakan Yard\u0131mc\u0131s\u0131 Ahmed Devva temsil ediyor.<\/p>\n<p>Bug\u00fcnk\u00fc ola\u011fan oturumun toplant\u0131s\u0131na kat\u0131lan Arap \u00fclkelerinin delegeleri, uluslararas\u0131 medya \u015firketleriyle ba\u015fa \u00e7\u0131kmak i\u00e7in bir Arap stratejisi geli\u015ftirmenin yan\u0131 s\u0131ra \u00a0yurtd\u0131\u015f\u0131ndaki Arap medyas\u0131 eylemi plan\u0131n\u0131, medyan\u0131n ter\u00f6rle m\u00fccadeledeki rol\u00fcn\u00fc ve 2030 s\u00fcrd\u00fcr\u00fclebilir kalk\u0131nmas\u0131nda Arap medya haritas\u0131n\u0131 g\u00f6r\u00fc\u015fecekler.<\/p>\n<p>Bu toplant\u0131lar ayr\u0131ca, Arap medyas\u0131nda yapay zekan\u0131n kullan\u0131lmas\u0131 ve bunun insan unsuru \u00fczerindeki etkisi ve Arap medya profesyonellerinin yeteneklerini geli\u015ftirmenin yan\u0131 s\u0131ra, Arap medyas\u0131 i\u015fbirli\u011finin ve ilgili faaliyetlerin \u00e7e\u015fitli y\u00f6nlerini masaya yat\u0131racak.<\/p>\n<p>R.M<\/p>\n<p><a href=\"https:\/\/t.me\/SuriyeArapHaberAjansI\">Telegram Kanal\u0131m\u0131z\u00a0<\/a><\/p>\n<p><a href=\"https:\/\/www.facebook.com\/SANAHaberAjansi\/\">Facebook Sayfam\u0131z<\/a><\/p>\n<p><a href=\"https:\/\/twitter.com\/arap_ajans\">Twitter Hesab\u0131m\u0131z<\/a><\/p>\n","protected":false},"excerpt":{"rendered":"<p>RABAT &#8211; Suriye&#8217;nin kat\u0131l\u0131m\u0131yla Arap Medyas\u0131 Daimi Komitesi&#8217;nin 99&#8217;uncu, Arap Enformasyon Bakanlar\u0131 Konseyi Y\u00fcr\u00fctme Ofisi&#8217;nin 17&#8217;nci ve Enformasyon Bakanlar\u0131 Konseyi&#8217;nin 53&#8217;\u00fcnc\u00fc ola\u011fan toplant\u0131lar\u0131 Fas&#8217;\u0131n ba\u015fkenti Rabat&#8217;ta d\u00fczenlendi. d\u00fczenlenen oturumlarda Suriye&#8217;yi Enformasyon Bakan Yard\u0131mc\u0131s\u0131 Ahmed Devva temsil ediyor. Bug\u00fcnk\u00fc ola\u011fan oturumun toplant\u0131s\u0131na kat\u0131lan Arap \u00fclkelerinin delegeleri, uluslararas\u0131 medya \u015firketleriyle ba\u015fa \u00e7\u0131kmak i\u00e7in bir Arap stratejisi geli\u015ftirmenin &hellip;<\/p>\n","protected":false},"author":41,"featured_media":282881,"comment_status":"closed","ping_status":"closed","sticky":false,"template":"","format":"standard","meta":{"footnotes":""},"categories":[458,459,17988],"tags":[],"class_list":["post-282880","post","type-post","status-publish","format-standard","has-post-thumbnail","","category-dunya1","category-haberler-arap-uluslararasi-politika","category-son-haberler"],"_links":{"self":[{"href":"https:\/\/archive.sana.sy\/tr\/index.php?rest_route=\/wp\/v2\/posts\/282880","targetHints":{"allow":["GET"]}}],"collection":[{"href":"https:\/\/archive.sana.sy\/tr\/index.php?rest_route=\/wp\/v2\/posts"}],"about":[{"href":"https:\/\/archive.sana.sy\/tr\/index.php?rest_route=\/wp\/v2\/types\/post"}],"author":[{"embeddable":true,"href":"https:\/\/archive.sana.sy\/tr\/index.php?rest_route=\/wp\/v2\/users\/41"}],"replies":[{"embeddable":true,"href":"https:\/\/archive.sana.sy\/tr\/index.php?rest_route=%2Fwp%2Fv2%2Fcomments&post=282880"}],"version-history":[{"count":0,"href":"https:\/\/archive.sana.sy\/tr\/index.php?rest_route=\/wp\/v2\/posts\/282880\/revisions"}],"wp:featuredmedia":[{"embeddable":true,"href":"https:\/\/archive.sana.sy\/tr\/index.php?rest_route=\/wp\/v2\/media\/282881"}],"wp:attachment":[{"href":"https:\/\/archive.sana.sy\/tr\/index.php?rest_route=%2Fwp%2Fv2%2Fmedia&parent=282880"}],"wp:term":[{"taxonomy":"category","embeddable":true,"href":"https:\/\/archive.sana.sy\/tr\/index.php?rest_route=%2Fwp%2Fv2%2Fcategories&post=282880"},{"taxonomy":"post_tag","embeddable":true,"href":"https:\/\/archive.sana.sy\/tr\/index.php?rest_route=%2Fwp%2Fv2%2Ftags&post=282880"}],"curies":[{"name":"wp","href":"https:\/\/api.w.org\/{rel}","templated":true}]}}