{"id":282884,"date":"2023-06-19T14:51:13","date_gmt":"2023-06-19T11:51:13","guid":{"rendered":"http:\/\/sana.sy\/tr\/?p=282884"},"modified":"2023-06-20T14:15:32","modified_gmt":"2023-06-20T11:15:32","slug":"suriyenin-katilimiyla-54-cezayir-uluslararasi-fuari-yarin-faaliyetlerine-basliyor","status":"publish","type":"post","link":"https:\/\/archive.sana.sy\/tr\/?p=282884","title":{"rendered":"Suriye&#8217;nin Kat\u0131l\u0131m\u0131yla.. 54.Cezayir Uluslararas\u0131 Fuar\u0131 Yar\u0131n Faaliyetlerine Ba\u015fl\u0131yor"},"content":{"rendered":"<p><strong>CEZAY\u0130R<\/strong> &#8211; Suriye&#8217;nin kat\u0131l\u0131m\u0131yla Cezayir&#8217;in ba\u015fkentindeki Sergi Saray\u0131&#8217;nda yar\u0131n ba\u015flayacak olan 54. Cezayir Uluslararas\u0131 Fuar\u0131 etkinlikleri bu Haziran ay\u0131n\u0131n yirmi be\u015fine kadar devam edecek.<\/p>\n<p>Yerel \u00dcretim ve \u0130hracat\u0131 Destekleme ve Geli\u015ftirme Kurumu Ba\u015fkan\u0131 Sair Feyyad, SANA muhabirine yapt\u0131\u011f\u0131 a\u00e7\u0131klamada, Suriye kat\u0131l\u0131m\u0131n\u0131n, Komisyon ve Uluslararas\u0131 Fuarlar ve Fuarlar Genel Te\u015fkilat\u0131 taraf\u0131ndan Arap \u0130hracat\u00e7\u0131 ve \u0130thalat\u00e7\u0131lar Birli\u011fi&#8217;nin \u015eam&#8217;daki b\u00f6lge ofisi ile i\u015fbirli\u011fi i\u00e7inde organize edildi\u011fini a\u00e7\u0131klayarak, Suriye ve Cezayir aras\u0131ndaki se\u00e7kin ikili ili\u015fkilere dikkat \u00e7ekti.<\/p>\n<p>Feyyad, \u00f6zellikle tekstil \u00fcr\u00fcnleri olmak \u00fczere Suriye ihracat\u0131 i\u00e7in \u00f6nemli bir hedef olu\u015fturan Suriye \u00fcr\u00fcnleriyle ilgili olarak Cezayir pazar\u0131n\u0131n \u00f6nemine dikkat \u00e7ekti.<\/p>\n<p>Feyyad ayr\u0131ca, \u00e7e\u015fitli tekstil, giyim, kimya ve ev e\u015fyas\u0131 uzmanl\u0131k alanlar\u0131ndan yirmi firman\u0131n kat\u0131l\u0131m\u0131yla pavyon alan\u0131n\u0131n bir \u00f6nceki y\u0131la g\u00f6re 100 metre artarak 180 metrekare oldu\u011funa dikkat \u00e7ekti.<\/p>\n<p>R.M<\/p>\n<p><a href=\"https:\/\/t.me\/SuriyeArapHaberAjansI\">Telegram Kanal\u0131m\u0131z\u00a0<\/a><\/p>\n<p><a href=\"https:\/\/www.facebook.com\/SANAHaberAjansi\/\">Facebook Sayfam\u0131z<\/a><\/p>\n<p><a href=\"https:\/\/twitter.com\/arap_ajans\">Twitter Hesab\u0131m\u0131z<\/a><\/p>\n","protected":false},"excerpt":{"rendered":"<p>CEZAY\u0130R &#8211; Suriye&#8217;nin kat\u0131l\u0131m\u0131yla Cezayir&#8217;in ba\u015fkentindeki Sergi Saray\u0131&#8217;nda yar\u0131n ba\u015flayacak olan 54. Cezayir Uluslararas\u0131 Fuar\u0131 etkinlikleri bu Haziran ay\u0131n\u0131n yirmi be\u015fine kadar devam edecek. Yerel \u00dcretim ve \u0130hracat\u0131 Destekleme ve Geli\u015ftirme Kurumu Ba\u015fkan\u0131 Sair Feyyad, SANA muhabirine yapt\u0131\u011f\u0131 a\u00e7\u0131klamada, Suriye kat\u0131l\u0131m\u0131n\u0131n, Komisyon ve Uluslararas\u0131 Fuarlar ve Fuarlar Genel Te\u015fkilat\u0131 taraf\u0131ndan Arap \u0130hracat\u00e7\u0131 ve \u0130thalat\u00e7\u0131lar Birli\u011fi&#8217;nin &hellip;<\/p>\n","protected":false},"author":41,"featured_media":282885,"comment_status":"closed","ping_status":"closed","sticky":false,"template":"","format":"standard","meta":{"footnotes":""},"categories":[458,459,17988],"tags":[],"class_list":["post-282884","post","type-post","status-publish","format-standard","has-post-thumbnail","","category-dunya1","category-haberler-arap-uluslararasi-politika","category-son-haberler"],"_links":{"self":[{"href":"https:\/\/archive.sana.sy\/tr\/index.php?rest_route=\/wp\/v2\/posts\/282884","targetHints":{"allow":["GET"]}}],"collection":[{"href":"https:\/\/archive.sana.sy\/tr\/index.php?rest_route=\/wp\/v2\/posts"}],"about":[{"href":"https:\/\/archive.sana.sy\/tr\/index.php?rest_route=\/wp\/v2\/types\/post"}],"author":[{"embeddable":true,"href":"https:\/\/archive.sana.sy\/tr\/index.php?rest_route=\/wp\/v2\/users\/41"}],"replies":[{"embeddable":true,"href":"https:\/\/archive.sana.sy\/tr\/index.php?rest_route=%2Fwp%2Fv2%2Fcomments&post=282884"}],"version-history":[{"count":0,"href":"https:\/\/archive.sana.sy\/tr\/index.php?rest_route=\/wp\/v2\/posts\/282884\/revisions"}],"wp:featuredmedia":[{"embeddable":true,"href":"https:\/\/archive.sana.sy\/tr\/index.php?rest_route=\/wp\/v2\/media\/282885"}],"wp:attachment":[{"href":"https:\/\/archive.sana.sy\/tr\/index.php?rest_route=%2Fwp%2Fv2%2Fmedia&parent=282884"}],"wp:term":[{"taxonomy":"category","embeddable":true,"href":"https:\/\/archive.sana.sy\/tr\/index.php?rest_route=%2Fwp%2Fv2%2Fcategories&post=282884"},{"taxonomy":"post_tag","embeddable":true,"href":"https:\/\/archive.sana.sy\/tr\/index.php?rest_route=%2Fwp%2Fv2%2Ftags&post=282884"}],"curies":[{"name":"wp","href":"https:\/\/api.w.org\/{rel}","templated":true}]}}