{"id":282887,"date":"2023-06-19T17:19:18","date_gmt":"2023-06-19T14:19:18","guid":{"rendered":"http:\/\/sana.sy\/tr\/?p=282887"},"modified":"2023-06-20T14:15:44","modified_gmt":"2023-06-20T11:15:44","slug":"ortak-hukumet-komitesinin-altinci-oturumunun-hazirliklari-icin-suriye-umman-gorusmeleri","status":"publish","type":"post","link":"https:\/\/archive.sana.sy\/tr\/?p=282887","title":{"rendered":"Ortak H\u00fck\u00fcmet Komitesi&#8217;nin Alt\u0131nc\u0131 Oturumunun Haz\u0131rl\u0131klar\u0131 \u0130\u00e7in Suriye-Umman G\u00f6r\u00fc\u015fmeleri"},"content":{"rendered":"<p><strong>MASKAT<\/strong> &#8211; Suriye&#8217;nin Umman Sultanl\u0131\u011f\u0131 B\u00fcy\u00fckel\u00e7isi \u0130dris Mayya, Umman Ticaret ve Sanayi Odas\u0131 Y\u00f6netim Kurulu Ba\u015fkan\u0131 Faysal bin Said El Revvas ile iki \u00fclke aras\u0131nda \u00f6zellikle ekonomik ve ticari alanlardaki ikili i\u015fbirli\u011fini g\u00f6r\u00fc\u015ft\u00fc<\/p>\n<p>G\u00f6r\u00fc\u015fmede, ortak Suriye-Umman h\u00fck\u00fcmet komitesi ve Suriye-Umman \u0130\u015f Forumu&#8217;nun alt\u0131nc\u0131 oturumu i\u00e7in devam eden haz\u0131rl\u0131klar\u0131 g\u00f6zden ge\u00e7irdiler.<\/p>\n<p>G\u00f6r\u00fc\u015fmeye \u00a0Suriye-Umman \u0130\u015f Konseyi Ba\u015fkan\u0131, Suriye Ticaret Odalar\u0131 Federasyonu Sekreteri Vesim Kattan ve Delta Ekonomi ve \u0130\u015fletme Grubu CEO&#8217;su Gayis \u015eema \u00a0ve Maskat&#8217;taki Suriye b\u00fcy\u00fckel\u00e7ili\u011findeki ata\u015fe Samir Bekkur kat\u0131ld\u0131.<\/p>\n<p>Umman taraf\u0131nda Organizasyonlar ve Uluslararas\u0131 \u0130li\u015fkiler Departman\u0131ndan \u015eeyha S\u00fcleyman El Allavi ve Umman Ticaret, Sanayi ve Yat\u0131r\u0131m Te\u015fvik Bakanl\u0131\u011f\u0131ndan Abdullah El Cabiri kat\u0131ld\u0131.<\/p>\n<div id='gallery-1' class='gallery galleryid-282887 gallery-columns-1 gallery-size-full'><figure class='gallery-item'>\n\t\t\t<div class='gallery-icon landscape'>\n\t\t\t\t<a href='https:\/\/archive.sana.sy\/tr\/?attachment_id=282889'><img loading=\"lazy\" decoding=\"async\" width=\"660\" height=\"441\" src=\"https:\/\/archive.sana.sy\/tr\/wp-content\/uploads\/2023\/06\/photo_2023-06-19_15-41-20-2.jpg\" class=\"attachment-full size-full\" alt=\"\" srcset=\"https:\/\/archive.sana.sy\/tr\/wp-content\/uploads\/2023\/06\/photo_2023-06-19_15-41-20-2.jpg 660w, https:\/\/archive.sana.sy\/tr\/wp-content\/uploads\/2023\/06\/photo_2023-06-19_15-41-20-2-300x200.jpg 300w, https:\/\/archive.sana.sy\/tr\/wp-content\/uploads\/2023\/06\/photo_2023-06-19_15-41-20-2-110x75.jpg 110w\" sizes=\"auto, (max-width: 660px) 100vw, 660px\" \/><\/a>\n\t\t\t<\/div><\/figure>\n\t\t<\/div>\n\n<p>&nbsp;<\/p>\n<p>R.M<\/p>\n<p><a href=\"https:\/\/t.me\/SuriyeArapHaberAjansI\">Telegram Kanal\u0131m\u0131z\u00a0<\/a><\/p>\n<p><a href=\"https:\/\/www.facebook.com\/SANAHaberAjansi\/\">Facebook Sayfam\u0131z<\/a><\/p>\n<p><a href=\"https:\/\/twitter.com\/arap_ajans\">Twitter Hesab\u0131m\u0131z<\/a><\/p>\n","protected":false},"excerpt":{"rendered":"<p>MASKAT &#8211; Suriye&#8217;nin Umman Sultanl\u0131\u011f\u0131 B\u00fcy\u00fckel\u00e7isi \u0130dris Mayya, Umman Ticaret ve Sanayi Odas\u0131 Y\u00f6netim Kurulu Ba\u015fkan\u0131 Faysal bin Said El Revvas ile iki \u00fclke aras\u0131nda \u00f6zellikle ekonomik ve ticari alanlardaki ikili i\u015fbirli\u011fini g\u00f6r\u00fc\u015ft\u00fc G\u00f6r\u00fc\u015fmede, ortak Suriye-Umman h\u00fck\u00fcmet komitesi ve Suriye-Umman \u0130\u015f Forumu&#8217;nun alt\u0131nc\u0131 oturumu i\u00e7in devam eden haz\u0131rl\u0131klar\u0131 g\u00f6zden ge\u00e7irdiler. G\u00f6r\u00fc\u015fmeye \u00a0Suriye-Umman \u0130\u015f Konseyi Ba\u015fkan\u0131, &hellip;<\/p>\n","protected":false},"author":41,"featured_media":282888,"comment_status":"closed","ping_status":"closed","sticky":false,"template":"","format":"standard","meta":{"footnotes":""},"categories":[458,485,486,459,17988],"tags":[],"class_list":["post-282887","post","type-post","status-publish","format-standard","has-post-thumbnail","","category-dunya1","category-is-ve-sermaye","category-haberler-is-ve-sermaye","category-haberler-arap-uluslararasi-politika","category-son-haberler"],"_links":{"self":[{"href":"https:\/\/archive.sana.sy\/tr\/index.php?rest_route=\/wp\/v2\/posts\/282887","targetHints":{"allow":["GET"]}}],"collection":[{"href":"https:\/\/archive.sana.sy\/tr\/index.php?rest_route=\/wp\/v2\/posts"}],"about":[{"href":"https:\/\/archive.sana.sy\/tr\/index.php?rest_route=\/wp\/v2\/types\/post"}],"author":[{"embeddable":true,"href":"https:\/\/archive.sana.sy\/tr\/index.php?rest_route=\/wp\/v2\/users\/41"}],"replies":[{"embeddable":true,"href":"https:\/\/archive.sana.sy\/tr\/index.php?rest_route=%2Fwp%2Fv2%2Fcomments&post=282887"}],"version-history":[{"count":0,"href":"https:\/\/archive.sana.sy\/tr\/index.php?rest_route=\/wp\/v2\/posts\/282887\/revisions"}],"wp:featuredmedia":[{"embeddable":true,"href":"https:\/\/archive.sana.sy\/tr\/index.php?rest_route=\/wp\/v2\/media\/282888"}],"wp:attachment":[{"href":"https:\/\/archive.sana.sy\/tr\/index.php?rest_route=%2Fwp%2Fv2%2Fmedia&parent=282887"}],"wp:term":[{"taxonomy":"category","embeddable":true,"href":"https:\/\/archive.sana.sy\/tr\/index.php?rest_route=%2Fwp%2Fv2%2Fcategories&post=282887"},{"taxonomy":"post_tag","embeddable":true,"href":"https:\/\/archive.sana.sy\/tr\/index.php?rest_route=%2Fwp%2Fv2%2Ftags&post=282887"}],"curies":[{"name":"wp","href":"https:\/\/api.w.org\/{rel}","templated":true}]}}