{"id":282891,"date":"2023-06-19T17:56:19","date_gmt":"2023-06-19T14:56:19","guid":{"rendered":"http:\/\/sana.sy\/tr\/?p=282891"},"modified":"2023-06-20T13:04:34","modified_gmt":"2023-06-20T10:04:34","slug":"halk-meclisi-suriyenin-uluslararasi-yenilenebilir-enerji-ajansina-katiliminin-onaylanmasini-iceren-yasa-tasarisini-onayladi","status":"publish","type":"post","link":"https:\/\/archive.sana.sy\/tr\/?p=282891","title":{"rendered":"Halk Meclisi, Suriye&#8217;nin Uluslararas\u0131 Yenilenebilir Enerji Ajans\u0131&#8217;na Kat\u0131l\u0131m\u0131n\u0131n Onaylanmas\u0131n\u0131 \u0130\u00e7eren Yasa Tasar\u0131s\u0131n\u0131 Onaylad\u0131"},"content":{"rendered":"<p><strong>\u015eAM<\/strong> &#8211; Bug\u00fcn Halk Meclisi, Parlamento Ba\u015fkan\u0131 Hammuda Sebba\u011f ba\u015fkanl\u0131\u011f\u0131ndaki \u00fc\u00e7\u00fcnc\u00fc yasama oturumunun dokuzuncu ola\u011fan oturumunun on yedinci oturumunu ger\u00e7ekle\u015ftirdi.<\/p>\n<p>Meclis, Suriye&#8217;nin Uluslararas\u0131 Yenilenebilir Enerji Ajans\u0131&#8217;na (IRENA) kat\u0131l\u0131m\u0131n\u0131n onaylanmas\u0131n\u0131 i\u00e7eren yasa tasla\u011f\u0131n\u0131, proje hakk\u0131nda bir kamuoyu m\u00fczakeresi y\u00fcr\u00fctt\u00fckten sonra onaylad\u0131.<\/p>\n<p>Bir dizi meclis \u00fcyesi, projenin yenilenebilir enerjilerin kullan\u0131m\u0131n\u0131 te\u015fvik etme ve fosil yak\u0131tl\u0131 enerji \u00fcretiminden kaynaklanan gaz emisyonlar\u0131n\u0131 azaltmadaki \u00f6nemini vurgulad\u0131.<\/p>\n<p>Elektrik Bakan\u0131 M\u00fchendis Gassan El Zamil, Uluslararas\u0131 Yenilenebilir Enerji Ajans\u0131&#8217;n\u0131n (IRENA) t\u00fcm uzmanl\u0131k alanlar\u0131ndaki e\u011fitim alan\u0131nda d\u00fczenleyici \u00e7er\u00e7evelerin iyile\u015ftirilmesine ve kapasitelerin olu\u015fturulmas\u0131na katk\u0131da bulunacak \u015fekilde \u00fcye \u00fclkelere tavsiye ve destek sa\u011flad\u0131\u011f\u0131n\u0131 belirtti.<\/p>\n<p>R.M<\/p>\n<p><a href=\"https:\/\/t.me\/SuriyeArapHaberAjansI\">Telegram Kanal\u0131m\u0131z\u00a0<\/a><\/p>\n<p><a href=\"https:\/\/www.facebook.com\/SANAHaberAjansi\/\">Facebook Sayfam\u0131z<\/a><\/p>\n<p><a href=\"https:\/\/twitter.com\/arap_ajans\">Twitter Hesab\u0131m\u0131z<\/a><\/p>\n","protected":false},"excerpt":{"rendered":"<p>\u015eAM &#8211; Bug\u00fcn Halk Meclisi, Parlamento Ba\u015fkan\u0131 Hammuda Sebba\u011f ba\u015fkanl\u0131\u011f\u0131ndaki \u00fc\u00e7\u00fcnc\u00fc yasama oturumunun dokuzuncu ola\u011fan oturumunun on yedinci oturumunu ger\u00e7ekle\u015ftirdi. Meclis, Suriye&#8217;nin Uluslararas\u0131 Yenilenebilir Enerji Ajans\u0131&#8217;na (IRENA) kat\u0131l\u0131m\u0131n\u0131n onaylanmas\u0131n\u0131 i\u00e7eren yasa tasla\u011f\u0131n\u0131, proje hakk\u0131nda bir kamuoyu m\u00fczakeresi y\u00fcr\u00fctt\u00fckten sonra onaylad\u0131. Bir dizi meclis \u00fcyesi, projenin yenilenebilir enerjilerin kullan\u0131m\u0131n\u0131 te\u015fvik etme ve fosil yak\u0131tl\u0131 enerji \u00fcretiminden &hellip;<\/p>\n","protected":false},"author":41,"featured_media":282892,"comment_status":"closed","ping_status":"closed","sticky":false,"template":"","format":"standard","meta":{"footnotes":""},"categories":[479,17988,478],"tags":[38283,2755,19043,23245],"class_list":["post-282891","post","type-post","status-publish","format-standard","has-post-thumbnail","","category-haberler-yerel","category-son-haberler","category-yerel","tag-irena","tag-sam","tag-suriyede-son-durum","tag-suriyedeki-savas"],"_links":{"self":[{"href":"https:\/\/archive.sana.sy\/tr\/index.php?rest_route=\/wp\/v2\/posts\/282891","targetHints":{"allow":["GET"]}}],"collection":[{"href":"https:\/\/archive.sana.sy\/tr\/index.php?rest_route=\/wp\/v2\/posts"}],"about":[{"href":"https:\/\/archive.sana.sy\/tr\/index.php?rest_route=\/wp\/v2\/types\/post"}],"author":[{"embeddable":true,"href":"https:\/\/archive.sana.sy\/tr\/index.php?rest_route=\/wp\/v2\/users\/41"}],"replies":[{"embeddable":true,"href":"https:\/\/archive.sana.sy\/tr\/index.php?rest_route=%2Fwp%2Fv2%2Fcomments&post=282891"}],"version-history":[{"count":0,"href":"https:\/\/archive.sana.sy\/tr\/index.php?rest_route=\/wp\/v2\/posts\/282891\/revisions"}],"wp:featuredmedia":[{"embeddable":true,"href":"https:\/\/archive.sana.sy\/tr\/index.php?rest_route=\/wp\/v2\/media\/282892"}],"wp:attachment":[{"href":"https:\/\/archive.sana.sy\/tr\/index.php?rest_route=%2Fwp%2Fv2%2Fmedia&parent=282891"}],"wp:term":[{"taxonomy":"category","embeddable":true,"href":"https:\/\/archive.sana.sy\/tr\/index.php?rest_route=%2Fwp%2Fv2%2Fcategories&post=282891"},{"taxonomy":"post_tag","embeddable":true,"href":"https:\/\/archive.sana.sy\/tr\/index.php?rest_route=%2Fwp%2Fv2%2Ftags&post=282891"}],"curies":[{"name":"wp","href":"https:\/\/api.w.org\/{rel}","templated":true}]}}