{"id":282895,"date":"2023-06-20T08:50:38","date_gmt":"2023-06-20T05:50:38","guid":{"rendered":"http:\/\/sana.sy\/tr\/?p=282895"},"modified":"2023-06-23T08:54:35","modified_gmt":"2023-06-23T05:54:35","slug":"astana-formulu-cercevesinde-20-uluslararasi-suriye-konulu-toplanti-basladi","status":"publish","type":"post","link":"https:\/\/archive.sana.sy\/tr\/?p=282895","title":{"rendered":"Astana Form\u00fcl\u00fc \u00c7er\u00e7evesinde 20. Uluslararas\u0131 Suriye Konulu Toplant\u0131 Ba\u015flad\u0131"},"content":{"rendered":"<p><strong>ASTANA<\/strong> \u2013 \u00a0Kazakistan&#8217;\u0131n ba\u015fkenti Nursultan&#8217;da bug\u00fcn ba\u015flayan Astana form\u00fcl\u00fcn\u00fcn 20. uluslararas\u0131 Suriye konulu toplant\u0131s\u0131n\u0131n \u00e7al\u0131\u015fmalar\u0131 iki g\u00fcn s\u00fcrecek.<\/p>\n<p>Toplant\u0131ya, D\u0131\u015fi\u015fleri ve Gurbet\u00e7iler Bakan Yard\u0131mc\u0131s\u0131 Dr. Ayman Susan ba\u015fkanl\u0131\u011f\u0131ndaki Suriye Arap Cumhuriyeti heyeti kat\u0131lacak.<\/p>\n<p>Toplant\u0131ya Astana s\u00fcrecinin garant\u00f6r \u00fclkeleri Rusya, \u0130ran ve T\u00fcrk heyetleri kat\u0131lacaklar.<\/p>\n<p>Rusya Federasyonu heyetine Rusya Devlet Ba\u015fkan\u0131&#8217;n\u0131n Orta Do\u011fu ve Afrika \u00dclkeleri \u00d6zel Temsilcisi D\u0131\u015fi\u015fleri Bakan Yard\u0131mc\u0131s\u0131 Mihail Bogdanov, \u0130ran heyetine D\u0131\u015fi\u015fleri Bakan\u0131 \u00d6zel Siyasi \u0130\u015flerden Sorumlu K\u0131demli Yard\u0131mc\u0131s\u0131 Ali As\u011far Haci ba\u015fkanl\u0131k ediyor.<\/p>\n<p>Birle\u015fmi\u015f Milletler ve Suriye&#8217;ye kom\u015fu \u00fclkeler L\u00fcbnan, Irak ve \u00dcrd\u00fcn&#8217;den temsilcilerin g\u00f6zlemci olarak olarak kat\u0131lacak.<\/p>\n<p>Kazakistan D\u0131\u015fi\u015fleri Bakanl\u0131\u011f\u0131, mevcut toplant\u0131da Suriye&#8217;deki b\u00f6lgesel pozisyon ve insani durumdaki de\u011fi\u015fiklikler, krizin \u00e7\u00f6z\u00fcm\u00fcne y\u00f6nelik \u00e7abalar, ter\u00f6rle m\u00fccadele konular\u0131, Suriye&#8217;nin yeniden in\u015fas\u0131 ve m\u00fcltecilerin d\u00f6n\u00fc\u015f\u00fc konular\u0131n\u0131n ele al\u0131naca\u011f\u0131n\u0131 ilan etti.<\/p>\n<p><a href=\"https:\/\/t.me\/SuriyeArapHaberAjansI\">Telegram Kanal\u0131m\u0131z\u00a0<\/a><\/p>\n<p><a href=\"https:\/\/www.facebook.com\/SANAHaberAjansi\/\">Facebook Sayfam\u0131z<\/a><\/p>\n<p><a href=\"https:\/\/twitter.com\/arap_ajans\">Twitter Hesab\u0131m\u0131z<\/a><\/p>\n","protected":false},"excerpt":{"rendered":"<p>ASTANA \u2013 \u00a0Kazakistan&#8217;\u0131n ba\u015fkenti Nursultan&#8217;da bug\u00fcn ba\u015flayan Astana form\u00fcl\u00fcn\u00fcn 20. uluslararas\u0131 Suriye konulu toplant\u0131s\u0131n\u0131n \u00e7al\u0131\u015fmalar\u0131 iki g\u00fcn s\u00fcrecek. Toplant\u0131ya, D\u0131\u015fi\u015fleri ve Gurbet\u00e7iler Bakan Yard\u0131mc\u0131s\u0131 Dr. Ayman Susan ba\u015fkanl\u0131\u011f\u0131ndaki Suriye Arap Cumhuriyeti heyeti kat\u0131lacak. Toplant\u0131ya Astana s\u00fcrecinin garant\u00f6r \u00fclkeleri Rusya, \u0130ran ve T\u00fcrk heyetleri kat\u0131lacaklar. Rusya Federasyonu heyetine Rusya Devlet Ba\u015fkan\u0131&#8217;n\u0131n Orta Do\u011fu ve Afrika \u00dclkeleri &hellip;<\/p>\n","protected":false},"author":39,"featured_media":282896,"comment_status":"closed","ping_status":"closed","sticky":false,"template":"","format":"standard","meta":{"footnotes":""},"categories":[458,459,17988],"tags":[],"class_list":["post-282895","post","type-post","status-publish","format-standard","has-post-thumbnail","","category-dunya1","category-haberler-arap-uluslararasi-politika","category-son-haberler"],"_links":{"self":[{"href":"https:\/\/archive.sana.sy\/tr\/index.php?rest_route=\/wp\/v2\/posts\/282895","targetHints":{"allow":["GET"]}}],"collection":[{"href":"https:\/\/archive.sana.sy\/tr\/index.php?rest_route=\/wp\/v2\/posts"}],"about":[{"href":"https:\/\/archive.sana.sy\/tr\/index.php?rest_route=\/wp\/v2\/types\/post"}],"author":[{"embeddable":true,"href":"https:\/\/archive.sana.sy\/tr\/index.php?rest_route=\/wp\/v2\/users\/39"}],"replies":[{"embeddable":true,"href":"https:\/\/archive.sana.sy\/tr\/index.php?rest_route=%2Fwp%2Fv2%2Fcomments&post=282895"}],"version-history":[{"count":1,"href":"https:\/\/archive.sana.sy\/tr\/index.php?rest_route=\/wp\/v2\/posts\/282895\/revisions"}],"predecessor-version":[{"id":283116,"href":"https:\/\/archive.sana.sy\/tr\/index.php?rest_route=\/wp\/v2\/posts\/282895\/revisions\/283116"}],"wp:featuredmedia":[{"embeddable":true,"href":"https:\/\/archive.sana.sy\/tr\/index.php?rest_route=\/wp\/v2\/media\/282896"}],"wp:attachment":[{"href":"https:\/\/archive.sana.sy\/tr\/index.php?rest_route=%2Fwp%2Fv2%2Fmedia&parent=282895"}],"wp:term":[{"taxonomy":"category","embeddable":true,"href":"https:\/\/archive.sana.sy\/tr\/index.php?rest_route=%2Fwp%2Fv2%2Fcategories&post=282895"},{"taxonomy":"post_tag","embeddable":true,"href":"https:\/\/archive.sana.sy\/tr\/index.php?rest_route=%2Fwp%2Fv2%2Ftags&post=282895"}],"curies":[{"name":"wp","href":"https:\/\/api.w.org\/{rel}","templated":true}]}}