{"id":282898,"date":"2023-06-20T09:29:10","date_gmt":"2023-06-20T06:29:10","guid":{"rendered":"http:\/\/sana.sy\/tr\/?p=282898"},"modified":"2023-06-23T08:54:37","modified_gmt":"2023-06-23T05:54:37","slug":"sosan-astanada-bogdanov-ile-bir-araya-geldi","status":"publish","type":"post","link":"https:\/\/archive.sana.sy\/tr\/?p=282898","title":{"rendered":"Sosan Astana&#8217;da Bogdanov \u0130le Bir Araya Geldi"},"content":{"rendered":"<p><strong>ASTANA \u2013 <\/strong>D\u0131\u015fi\u015fleri ve Gurbet\u00e7iler Bakan Yard\u0131mc\u0131s\u0131 Dr. Eyman Sosan ba\u015fkanl\u0131\u011f\u0131ndaki Suriye Arap Cumhuriyeti heyeti, bug\u00fcn Rusya Devlet Ba\u015fkan\u0131&#8217;n\u0131n Orta Do\u011fu ve Afrika \u00dclkeleri \u00d6zel Temsilcisi ve D\u0131\u015fi\u015fleri Bakan Yard\u0131mc\u0131s\u0131 Mihail Bogdanov ba\u015fkanl\u0131\u011f\u0131ndaki Rusya heyeti ile Kazakistan&#8217;\u0131n ba\u015fkentinde d\u00fczenlenen Astana format\u0131ndaki yirminci Suriye konulu uluslararas\u0131 toplant\u0131n\u0131n \u00e7al\u0131\u015fmalar\u0131 \u00e7er\u00e7evesinde Suriye ve b\u00f6lgedeki son geli\u015fmeleri g\u00f6r\u00fc\u015ft\u00fc.<\/p>\n<div id='gallery-1' class='gallery galleryid-282898 gallery-columns-2 gallery-size-full'><figure class='gallery-item'>\n\t\t\t<div class='gallery-icon landscape'>\n\t\t\t\t<a href='https:\/\/archive.sana.sy\/tr\/wp-content\/uploads\/2023\/06\/AAA_2892.jpg'><img loading=\"lazy\" decoding=\"async\" width=\"660\" height=\"382\" src=\"https:\/\/archive.sana.sy\/tr\/wp-content\/uploads\/2023\/06\/AAA_2892.jpg\" class=\"attachment-full size-full\" alt=\"\" srcset=\"https:\/\/archive.sana.sy\/tr\/wp-content\/uploads\/2023\/06\/AAA_2892.jpg 660w, https:\/\/archive.sana.sy\/tr\/wp-content\/uploads\/2023\/06\/AAA_2892-300x174.jpg 300w\" sizes=\"auto, (max-width: 660px) 100vw, 660px\" \/><\/a>\n\t\t\t<\/div><\/figure><figure class='gallery-item'>\n\t\t\t<div class='gallery-icon landscape'>\n\t\t\t\t<a href='https:\/\/archive.sana.sy\/tr\/wp-content\/uploads\/2023\/06\/AAA_2878.jpg'><img loading=\"lazy\" decoding=\"async\" width=\"660\" height=\"390\" src=\"https:\/\/archive.sana.sy\/tr\/wp-content\/uploads\/2023\/06\/AAA_2878.jpg\" class=\"attachment-full size-full\" alt=\"\" srcset=\"https:\/\/archive.sana.sy\/tr\/wp-content\/uploads\/2023\/06\/AAA_2878.jpg 660w, https:\/\/archive.sana.sy\/tr\/wp-content\/uploads\/2023\/06\/AAA_2878-300x177.jpg 300w\" sizes=\"auto, (max-width: 660px) 100vw, 660px\" \/><\/a>\n\t\t\t<\/div><\/figure>\n\t\t<\/div>\n\n<p><a href=\"https:\/\/t.me\/SuriyeArapHaberAjansI\">Telegram Kanal\u0131m\u0131z\u00a0<\/a><\/p>\n<p><a href=\"https:\/\/www.facebook.com\/SANAHaberAjansi\/\">Facebook Sayfam\u0131z<\/a><\/p>\n<p><a href=\"https:\/\/twitter.com\/arap_ajans\">Twitter Hesab\u0131m\u0131z<\/a><\/p>\n","protected":false},"excerpt":{"rendered":"<p>ASTANA \u2013 D\u0131\u015fi\u015fleri ve Gurbet\u00e7iler Bakan Yard\u0131mc\u0131s\u0131 Dr. Eyman Sosan ba\u015fkanl\u0131\u011f\u0131ndaki Suriye Arap Cumhuriyeti heyeti, bug\u00fcn Rusya Devlet Ba\u015fkan\u0131&#8217;n\u0131n Orta Do\u011fu ve Afrika \u00dclkeleri \u00d6zel Temsilcisi ve D\u0131\u015fi\u015fleri Bakan Yard\u0131mc\u0131s\u0131 Mihail Bogdanov ba\u015fkanl\u0131\u011f\u0131ndaki Rusya heyeti ile Kazakistan&#8217;\u0131n ba\u015fkentinde d\u00fczenlenen Astana format\u0131ndaki yirminci Suriye konulu uluslararas\u0131 toplant\u0131n\u0131n \u00e7al\u0131\u015fmalar\u0131 \u00e7er\u00e7evesinde Suriye ve b\u00f6lgedeki son geli\u015fmeleri g\u00f6r\u00fc\u015ft\u00fc. Telegram &hellip;<\/p>\n","protected":false},"author":39,"featured_media":282901,"comment_status":"closed","ping_status":"closed","sticky":false,"template":"","format":"standard","meta":{"footnotes":""},"categories":[458,459,17988],"tags":[],"class_list":["post-282898","post","type-post","status-publish","format-standard","has-post-thumbnail","","category-dunya1","category-haberler-arap-uluslararasi-politika","category-son-haberler"],"_links":{"self":[{"href":"https:\/\/archive.sana.sy\/tr\/index.php?rest_route=\/wp\/v2\/posts\/282898","targetHints":{"allow":["GET"]}}],"collection":[{"href":"https:\/\/archive.sana.sy\/tr\/index.php?rest_route=\/wp\/v2\/posts"}],"about":[{"href":"https:\/\/archive.sana.sy\/tr\/index.php?rest_route=\/wp\/v2\/types\/post"}],"author":[{"embeddable":true,"href":"https:\/\/archive.sana.sy\/tr\/index.php?rest_route=\/wp\/v2\/users\/39"}],"replies":[{"embeddable":true,"href":"https:\/\/archive.sana.sy\/tr\/index.php?rest_route=%2Fwp%2Fv2%2Fcomments&post=282898"}],"version-history":[{"count":1,"href":"https:\/\/archive.sana.sy\/tr\/index.php?rest_route=\/wp\/v2\/posts\/282898\/revisions"}],"predecessor-version":[{"id":283117,"href":"https:\/\/archive.sana.sy\/tr\/index.php?rest_route=\/wp\/v2\/posts\/282898\/revisions\/283117"}],"wp:featuredmedia":[{"embeddable":true,"href":"https:\/\/archive.sana.sy\/tr\/index.php?rest_route=\/wp\/v2\/media\/282901"}],"wp:attachment":[{"href":"https:\/\/archive.sana.sy\/tr\/index.php?rest_route=%2Fwp%2Fv2%2Fmedia&parent=282898"}],"wp:term":[{"taxonomy":"category","embeddable":true,"href":"https:\/\/archive.sana.sy\/tr\/index.php?rest_route=%2Fwp%2Fv2%2Fcategories&post=282898"},{"taxonomy":"post_tag","embeddable":true,"href":"https:\/\/archive.sana.sy\/tr\/index.php?rest_route=%2Fwp%2Fv2%2Ftags&post=282898"}],"curies":[{"name":"wp","href":"https:\/\/api.w.org\/{rel}","templated":true}]}}