{"id":28290,"date":"2015-04-01T16:14:40","date_gmt":"2015-04-01T13:14:40","guid":{"rendered":"http:\/\/www.sana.sy\/tr\/?p=28290"},"modified":"2015-04-01T16:14:40","modified_gmt":"2015-04-01T13:14:40","slug":"suriyeye-terorist-gonderen-sebeke-cokertildi","status":"publish","type":"post","link":"https:\/\/archive.sana.sy\/tr\/?p=28290","title":{"rendered":"Suriye&#8217;ye Ter\u00f6rist G\u00f6nderen \u015eebeke \u00c7\u00f6kertildi"},"content":{"rendered":"<p>TUNUS \u2013 Tunus g\u00fcvenlik otoriteleri bug\u00fcn Akdeniz sahillerinde Libya&#8217;ya yak\u0131n Cerba Adas\u0131nda, Suriye&#8217;de ter\u00f6r \u00f6rg\u00fctleri saflar\u0131na ter\u00f6rist \u00f6rg\u00fctleyip g\u00f6nderen bir uzman bir \u015febekeyi \u00e7\u00f6kerttiklerini a\u00e7\u0131klad\u0131.<\/p>\n<p>Tunuslu g\u00fcvenlik otoriteleri Tunuslu el Sarih Gazetesinin bug\u00fcnk\u00fc say\u0131s\u0131nda aktard\u0131\u011f\u0131 a\u00e7\u0131klamalar\u0131nda; ikiz karde\u015fler taraf\u0131ndan komuta edilen 12 ki\u015filik \u015febekenin t\u00fcm elemanlar\u0131n\u0131n tutukland\u0131\u011f\u0131n\u0131 a\u00e7\u0131klad\u0131.<\/p>\n<p>Tunuslu \u015euruk Gazetesi ise Tunuslu bir g\u00fcvenlik eleman\u0131n\u0131n yine Suriye&#8217;ye ter\u00f6rist g\u00f6nderen ba\u015fka bir \u015febeke ile \u00e7al\u0131\u015f\u0131rken su\u00e7\u00fcst\u00fc yakaland\u0131\u011f\u0131n\u0131 aktard\u0131.<\/p>\n<p>Bu arada Tunus \u0130\u00e7i\u015fleri Bakanl\u0131\u011f\u0131 Tunuslu 3 binden fazla ter\u00f6ristin Suriye&#8217;de ter\u00f6r \u00f6rg\u00fctleri saflar\u0131na kat\u0131ld\u0131klar\u0131n\u0131, bunlar\u0131n b\u00fcy\u00fck \u00e7o\u011funlu\u011funun T\u00fcrkiye \u00fczerinden Suriye&#8217;ye girdiklerini a\u00e7\u0131klam\u0131\u015ft\u0131.<\/p>\n<p>A.A. &#8211; M.M.<\/p>\n","protected":false},"excerpt":{"rendered":"<p>TUNUS \u2013 Tunus g\u00fcvenlik otoriteleri bug\u00fcn Akdeniz sahillerinde Libya&#8217;ya yak\u0131n Cerba Adas\u0131nda, Suriye&#8217;de ter\u00f6r \u00f6rg\u00fctleri saflar\u0131na ter\u00f6rist \u00f6rg\u00fctleyip g\u00f6nderen bir uzman bir \u015febekeyi \u00e7\u00f6kerttiklerini a\u00e7\u0131klad\u0131. Tunuslu g\u00fcvenlik otoriteleri Tunuslu el Sarih Gazetesinin bug\u00fcnk\u00fc say\u0131s\u0131nda aktard\u0131\u011f\u0131 a\u00e7\u0131klamalar\u0131nda; ikiz karde\u015fler taraf\u0131ndan komuta edilen 12 ki\u015filik \u015febekenin t\u00fcm elemanlar\u0131n\u0131n tutukland\u0131\u011f\u0131n\u0131 a\u00e7\u0131klad\u0131. Tunuslu \u015euruk Gazetesi ise Tunuslu bir g\u00fcvenlik &hellip;<\/p>\n","protected":false},"author":1,"featured_media":28291,"comment_status":"closed","ping_status":"closed","sticky":false,"template":"","format":"standard","meta":{"footnotes":""},"categories":[458,459,447],"tags":[13178,13177],"class_list":["post-28290","post","type-post","status-publish","format-standard","has-post-thumbnail","","category-dunya1","category-haberler-arap-uluslararasi-politika","category-politika","tag-suriyede-teror-orgutleri-saflarina-terorist-orgutleyip-gonderen-bir-uzman-bir-sebekeyi-cokerttiklerini-acikladi","tag-suriyeye-terorist-gonderen-sebeke-cokertildi-tunus-tunus-guvenlik-otoriteleri-bugun-akdeniz-sahillerinde-libyaya-yakin-cerba-adasinda"],"_links":{"self":[{"href":"https:\/\/archive.sana.sy\/tr\/index.php?rest_route=\/wp\/v2\/posts\/28290","targetHints":{"allow":["GET"]}}],"collection":[{"href":"https:\/\/archive.sana.sy\/tr\/index.php?rest_route=\/wp\/v2\/posts"}],"about":[{"href":"https:\/\/archive.sana.sy\/tr\/index.php?rest_route=\/wp\/v2\/types\/post"}],"author":[{"embeddable":true,"href":"https:\/\/archive.sana.sy\/tr\/index.php?rest_route=\/wp\/v2\/users\/1"}],"replies":[{"embeddable":true,"href":"https:\/\/archive.sana.sy\/tr\/index.php?rest_route=%2Fwp%2Fv2%2Fcomments&post=28290"}],"version-history":[{"count":0,"href":"https:\/\/archive.sana.sy\/tr\/index.php?rest_route=\/wp\/v2\/posts\/28290\/revisions"}],"wp:featuredmedia":[{"embeddable":true,"href":"https:\/\/archive.sana.sy\/tr\/index.php?rest_route=\/wp\/v2\/media\/28291"}],"wp:attachment":[{"href":"https:\/\/archive.sana.sy\/tr\/index.php?rest_route=%2Fwp%2Fv2%2Fmedia&parent=28290"}],"wp:term":[{"taxonomy":"category","embeddable":true,"href":"https:\/\/archive.sana.sy\/tr\/index.php?rest_route=%2Fwp%2Fv2%2Fcategories&post=28290"},{"taxonomy":"post_tag","embeddable":true,"href":"https:\/\/archive.sana.sy\/tr\/index.php?rest_route=%2Fwp%2Fv2%2Ftags&post=28290"}],"curies":[{"name":"wp","href":"https:\/\/api.w.org\/{rel}","templated":true}]}}