{"id":282903,"date":"2023-06-20T10:45:04","date_gmt":"2023-06-20T07:45:04","guid":{"rendered":"http:\/\/sana.sy\/tr\/?p=282903"},"modified":"2023-06-23T08:54:41","modified_gmt":"2023-06-23T05:54:41","slug":"bogdanov-astana-toplantisina-paralel-olarak-disisleri-bakan-yardimcilarinin-suriye-rusya-iran-ve-turkiye-bir-toplantisi-gerceklestirdi","status":"publish","type":"post","link":"https:\/\/archive.sana.sy\/tr\/?p=282903","title":{"rendered":"Bogdanov: Astana Toplant\u0131s\u0131na Paralel Olarak &#8220;Suriye, Rusya, \u0130ran Ve T\u00fcrkiye&#8221; D\u0131\u015fi\u015fleri Bakan Yard\u0131mc\u0131lar\u0131n\u0131n Bir Toplant\u0131s\u0131 Ger\u00e7ekle\u015ftiriyor"},"content":{"rendered":"<p><strong>MOSKOVA \u2013 <\/strong>Rusya Devlet Ba\u015fkan\u0131&#8217;n\u0131n Orta Do\u011fu ve Afrika \u00dclkeleri \u00d6zel Temsilcisi D\u0131\u015fi\u015fleri Bakan Yard\u0131mc\u0131s\u0131 Mihail Bogdanov, Suriye konulu Astana g\u00f6r\u00fc\u015fmeleri s\u00fcrecinde devam eden ve kat\u0131l\u0131mc\u0131 heyetlerin siyasi iradesini gerektiren s\u00fcre\u00e7te yap\u0131c\u0131 \u00e7al\u0131\u015fmalara g\u00fcvendi\u011fini vurgulad\u0131.<\/p>\n<p>Bogdanov, bug\u00fcn Kazakistan&#8217;\u0131n ba\u015fkenti Astana&#8217;da yapt\u0131\u011f\u0131 a\u00e7\u0131klamada, &#8221;Astana format\u0131ndaki 20. uluslararas\u0131 toplant\u0131ya paralel olarak, Kom\u015fu Suriye ile T\u00fcrkiye aras\u0131ndaki ili\u015fkileri g\u00f6r\u00fc\u015fmek \u00fczere, d\u00f6rt \u00fclkenin (Suriye, Rusya, \u0130ran ve T\u00fcrkiye) d\u0131\u015fi\u015fleri bakan yard\u0131mc\u0131lar\u0131 d\u00fczeyindeki temsilcilerinin bir araya geldi\u011fi bir ba\u015fka etkinlik daha yap\u0131l\u0131yor. Bu, kar\u015f\u0131l\u0131kl\u0131 sayg\u0131, toprak b\u00fct\u00fcnl\u00fc\u011f\u00fc, devletlerin birli\u011fi ve Suriye ile T\u00fcrkiye&#8217;nin toprak egemenli\u011fi ilkelerine dayanmas\u0131 gereken ve son on iki y\u0131lda aralar\u0131nda pek \u00e7ok sorunun ortaya \u00e7\u0131kt\u0131\u011f\u0131 \u00e7ok \u00f6nemli bir s\u00fcre\u00e7tir&#8221; dedi.<\/p>\n<p>Bogdanov ayr\u0131ca, m\u00fclteciler, g\u00fcvenlik meseleleri, yasad\u0131\u015f\u0131 Amerikan varl\u0131\u011f\u0131, insani meseleler ve di\u011ferleriyle ilgili tart\u0131\u015f\u0131lacak ba\u015fka \u00f6nemli konular oldu\u011funu belirterek, &#8221;Ge\u00e7en May\u0131s ay\u0131n\u0131n 10&#8217;unda Moskova&#8217;da Suriye, Rusya, \u0130ran ve T\u00fcrkiye d\u0131\u015fi\u015fleri bakanlar\u0131n\u0131n bir toplant\u0131s\u0131 yap\u0131ld\u0131. D\u0131\u015fi\u015fleri bakan yard\u0131mc\u0131lar\u0131, Suriye-T\u00fcrkiye ili\u015fkilerine ili\u015fkin yol haritas\u0131 haz\u0131rlamakla g\u00f6revlendirildi ve bu \u00e7al\u0131\u015fmalarda muvaffakiyetler diliyoruz.\u201d ifadelerini kulland\u0131.<\/p>\n<p>Bogdanov konu\u015fmas\u0131nda da, &#8221; F\u0131rat&#8217;\u0131n do\u011fusundaki Suriye i\u00e7in \u00f6nemli bir b\u00f6lge olan ve petrol kaynaklar\u0131n\u0131n bulundu\u011fu b\u00f6lgeye ter\u00f6rle m\u00fccadele bahanesiyle Amerikan g\u00fc\u00e7lerinin Suriye&#8217;ye sokuldu. Amerikal\u0131lar da El Tenf b\u00f6lgesinde yasad\u0131\u015f\u0131 olarak bulunuyorlar ve orada bir dizi ayr\u0131l\u0131k\u00e7\u0131 ve ter\u00f6rist grubu destekliyorlar. Bu kesinlikle kabul edilemez \u00e7\u00fcnk\u00fc Suriye&#8217;nin toprak b\u00fct\u00fcnl\u00fc\u011f\u00fcn\u00fcn ihlalidir&#8221; a\u00e7\u0131klamada bulundu.<\/p>\n<p>Bogdanov \u00a0a\u00e7\u0131klamalar\u0131na \u015funlar\u0131 da ekledi: &#8221; B\u00fct\u00fcn meseleler birbiriyle ba\u011flant\u0131l\u0131 ve \u00f6rne\u011fin m\u00fcltecilerin d\u00f6n\u00fc\u015f\u00fc ekonomik meselelerin \u00e7\u00f6z\u00fclmesini, ekonominin, \u015fehirlerin ve k\u00f6ylerin yeniden in\u015fas\u0131n\u0131 gerektiriyor. \u00d6zellikle Suriye&#8217;nin Arap Devletleri Ligi toplant\u0131lar\u0131na kat\u0131l\u0131m\u0131n\u0131n yeniden ba\u015flamas\u0131 ve Devlet Ba\u015fkan\u0131 Be\u015far Esad&#8217;\u0131n Cidde zirvesine kat\u0131l\u0131m\u0131n\u0131n ard\u0131ndan Arap \u00fclkelerinin bu konuda deste\u011fini umuyoruz. Bunlar\u0131n bir\u00e7ok insani sorunu \u00e7\u00f6zebilecek nitelikte \u00f6nemli unsurlar oldu\u011funa inan\u0131yoruz.&#8221;<\/p>\n<p>&nbsp;<\/p>\n<p><a href=\"https:\/\/t.me\/SuriyeArapHaberAjansI\">Telegram Kanal\u0131m\u0131z\u00a0<\/a><\/p>\n<p><a href=\"https:\/\/www.facebook.com\/SANAHaberAjansi\/\">Facebook Sayfam\u0131z<\/a><\/p>\n<p><a href=\"https:\/\/twitter.com\/arap_ajans\">Twitter Hesab\u0131m\u0131z<\/a><\/p>\n","protected":false},"excerpt":{"rendered":"<p>MOSKOVA \u2013 Rusya Devlet Ba\u015fkan\u0131&#8217;n\u0131n Orta Do\u011fu ve Afrika \u00dclkeleri \u00d6zel Temsilcisi D\u0131\u015fi\u015fleri Bakan Yard\u0131mc\u0131s\u0131 Mihail Bogdanov, Suriye konulu Astana g\u00f6r\u00fc\u015fmeleri s\u00fcrecinde devam eden ve kat\u0131l\u0131mc\u0131 heyetlerin siyasi iradesini gerektiren s\u00fcre\u00e7te yap\u0131c\u0131 \u00e7al\u0131\u015fmalara g\u00fcvendi\u011fini vurgulad\u0131. Bogdanov, bug\u00fcn Kazakistan&#8217;\u0131n ba\u015fkenti Astana&#8217;da yapt\u0131\u011f\u0131 a\u00e7\u0131klamada, &#8221;Astana format\u0131ndaki 20. uluslararas\u0131 toplant\u0131ya paralel olarak, Kom\u015fu Suriye ile T\u00fcrkiye aras\u0131ndaki ili\u015fkileri &hellip;<\/p>\n","protected":false},"author":39,"featured_media":282904,"comment_status":"closed","ping_status":"closed","sticky":false,"template":"","format":"standard","meta":{"footnotes":""},"categories":[458,459,17988],"tags":[],"class_list":["post-282903","post","type-post","status-publish","format-standard","has-post-thumbnail","","category-dunya1","category-haberler-arap-uluslararasi-politika","category-son-haberler"],"_links":{"self":[{"href":"https:\/\/archive.sana.sy\/tr\/index.php?rest_route=\/wp\/v2\/posts\/282903","targetHints":{"allow":["GET"]}}],"collection":[{"href":"https:\/\/archive.sana.sy\/tr\/index.php?rest_route=\/wp\/v2\/posts"}],"about":[{"href":"https:\/\/archive.sana.sy\/tr\/index.php?rest_route=\/wp\/v2\/types\/post"}],"author":[{"embeddable":true,"href":"https:\/\/archive.sana.sy\/tr\/index.php?rest_route=\/wp\/v2\/users\/39"}],"replies":[{"embeddable":true,"href":"https:\/\/archive.sana.sy\/tr\/index.php?rest_route=%2Fwp%2Fv2%2Fcomments&post=282903"}],"version-history":[{"count":1,"href":"https:\/\/archive.sana.sy\/tr\/index.php?rest_route=\/wp\/v2\/posts\/282903\/revisions"}],"predecessor-version":[{"id":283118,"href":"https:\/\/archive.sana.sy\/tr\/index.php?rest_route=\/wp\/v2\/posts\/282903\/revisions\/283118"}],"wp:featuredmedia":[{"embeddable":true,"href":"https:\/\/archive.sana.sy\/tr\/index.php?rest_route=\/wp\/v2\/media\/282904"}],"wp:attachment":[{"href":"https:\/\/archive.sana.sy\/tr\/index.php?rest_route=%2Fwp%2Fv2%2Fmedia&parent=282903"}],"wp:term":[{"taxonomy":"category","embeddable":true,"href":"https:\/\/archive.sana.sy\/tr\/index.php?rest_route=%2Fwp%2Fv2%2Fcategories&post=282903"},{"taxonomy":"post_tag","embeddable":true,"href":"https:\/\/archive.sana.sy\/tr\/index.php?rest_route=%2Fwp%2Fv2%2Ftags&post=282903"}],"curies":[{"name":"wp","href":"https:\/\/api.w.org\/{rel}","templated":true}]}}