{"id":282908,"date":"2023-06-20T11:00:17","date_gmt":"2023-06-20T08:00:17","guid":{"rendered":"http:\/\/sana.sy\/tr\/?p=282908"},"modified":"2023-06-23T08:54:43","modified_gmt":"2023-06-23T05:54:43","slug":"baeden-bir-yardim-gemisi-lazkiye-limanina-vardi","status":"publish","type":"post","link":"https:\/\/archive.sana.sy\/tr\/?p=282908","title":{"rendered":"BAE\u2019den Bir Yard\u0131m Gemisi Lazkiye Liman\u0131na Vard\u0131"},"content":{"rendered":"<p>&nbsp;<\/p>\n<p><strong>Lazkiye &#8211;\u00a0<\/strong>BAE&#8217;den bir yard\u0131m gemisi Lazkiye liman\u0131na Bug\u00fcn ula\u015ft\u0131.<\/p>\n<p>SANA muhabiri, geminin Birle\u015fik Arap Emirlikleri&#8217;nin deprem felaketinin ard\u0131ndan yard\u0131m \u00e7al\u0131\u015fmalar\u0131na destek amac\u0131yla ba\u015flatt\u0131\u011f\u0131 &#8220;\u0130yilik K\u00f6pr\u00fcleri, c\u00fcs\u00fcr El Heir&#8221; kampanyas\u0131nda d\u00f6rd\u00fcnc\u00fc oldu\u011funu belirtti.<\/p>\n<div id='gallery-1' class='gallery galleryid-282908 gallery-columns-1 gallery-size-full'><figure class='gallery-item'>\n\t\t\t<div class='gallery-icon landscape'>\n\t\t\t\t<a href='https:\/\/archive.sana.sy\/tr\/wp-content\/uploads\/2023\/06\/\u0633\u0641\u064a\u0646\u0629-\u0625\u0645\u0627\u0631\u0627\u062a\u064a\u0629-1.jpeg'><img loading=\"lazy\" decoding=\"async\" width=\"660\" height=\"370\" src=\"https:\/\/archive.sana.sy\/tr\/wp-content\/uploads\/2023\/06\/\u0633\u0641\u064a\u0646\u0629-\u0625\u0645\u0627\u0631\u0627\u062a\u064a\u0629-1.jpeg\" class=\"attachment-full size-full\" alt=\"\" srcset=\"https:\/\/archive.sana.sy\/tr\/wp-content\/uploads\/2023\/06\/\u0633\u0641\u064a\u0646\u0629-\u0625\u0645\u0627\u0631\u0627\u062a\u064a\u0629-1.jpeg 660w, https:\/\/archive.sana.sy\/tr\/wp-content\/uploads\/2023\/06\/\u0633\u0641\u064a\u0646\u0629-\u0625\u0645\u0627\u0631\u0627\u062a\u064a\u0629-1-300x168.jpeg 300w\" sizes=\"auto, (max-width: 660px) 100vw, 660px\" \/><\/a>\n\t\t\t<\/div><\/figure>\n\t\t<\/div>\n\n<p><a href=\"https:\/\/t.me\/SuriyeArapHaberAjansI\">Telegram Kanal\u0131m\u0131z\u00a0<\/a><\/p>\n<p><a href=\"https:\/\/www.facebook.com\/SANAHaberAjansi\/\">Facebook Sayfam\u0131z<\/a><\/p>\n<p><a href=\"https:\/\/twitter.com\/arap_ajans\">Twitter Hesab\u0131m\u0131z<\/a><\/p>\n","protected":false},"excerpt":{"rendered":"<p>&nbsp; Lazkiye &#8211;\u00a0BAE&#8217;den bir yard\u0131m gemisi Lazkiye liman\u0131na Bug\u00fcn ula\u015ft\u0131. SANA muhabiri, geminin Birle\u015fik Arap Emirlikleri&#8217;nin deprem felaketinin ard\u0131ndan yard\u0131m \u00e7al\u0131\u015fmalar\u0131na destek amac\u0131yla ba\u015flatt\u0131\u011f\u0131 &#8220;\u0130yilik K\u00f6pr\u00fcleri, c\u00fcs\u00fcr El Heir&#8221; kampanyas\u0131nda d\u00f6rd\u00fcnc\u00fc oldu\u011funu belirtti. Telegram Kanal\u0131m\u0131z\u00a0 Facebook Sayfam\u0131z Twitter Hesab\u0131m\u0131z<\/p>\n","protected":false},"author":39,"featured_media":282909,"comment_status":"closed","ping_status":"closed","sticky":false,"template":"","format":"standard","meta":{"footnotes":""},"categories":[479,17988,478],"tags":[],"class_list":["post-282908","post","type-post","status-publish","format-standard","has-post-thumbnail","","category-haberler-yerel","category-son-haberler","category-yerel"],"_links":{"self":[{"href":"https:\/\/archive.sana.sy\/tr\/index.php?rest_route=\/wp\/v2\/posts\/282908","targetHints":{"allow":["GET"]}}],"collection":[{"href":"https:\/\/archive.sana.sy\/tr\/index.php?rest_route=\/wp\/v2\/posts"}],"about":[{"href":"https:\/\/archive.sana.sy\/tr\/index.php?rest_route=\/wp\/v2\/types\/post"}],"author":[{"embeddable":true,"href":"https:\/\/archive.sana.sy\/tr\/index.php?rest_route=\/wp\/v2\/users\/39"}],"replies":[{"embeddable":true,"href":"https:\/\/archive.sana.sy\/tr\/index.php?rest_route=%2Fwp%2Fv2%2Fcomments&post=282908"}],"version-history":[{"count":1,"href":"https:\/\/archive.sana.sy\/tr\/index.php?rest_route=\/wp\/v2\/posts\/282908\/revisions"}],"predecessor-version":[{"id":283119,"href":"https:\/\/archive.sana.sy\/tr\/index.php?rest_route=\/wp\/v2\/posts\/282908\/revisions\/283119"}],"wp:featuredmedia":[{"embeddable":true,"href":"https:\/\/archive.sana.sy\/tr\/index.php?rest_route=\/wp\/v2\/media\/282909"}],"wp:attachment":[{"href":"https:\/\/archive.sana.sy\/tr\/index.php?rest_route=%2Fwp%2Fv2%2Fmedia&parent=282908"}],"wp:term":[{"taxonomy":"category","embeddable":true,"href":"https:\/\/archive.sana.sy\/tr\/index.php?rest_route=%2Fwp%2Fv2%2Fcategories&post=282908"},{"taxonomy":"post_tag","embeddable":true,"href":"https:\/\/archive.sana.sy\/tr\/index.php?rest_route=%2Fwp%2Fv2%2Ftags&post=282908"}],"curies":[{"name":"wp","href":"https:\/\/api.w.org\/{rel}","templated":true}]}}