{"id":282913,"date":"2023-06-20T15:59:41","date_gmt":"2023-06-20T12:59:41","guid":{"rendered":"http:\/\/sana.sy\/tr\/?p=282913"},"modified":"2023-06-22T08:16:54","modified_gmt":"2023-06-22T05:16:54","slug":"suriye-heyeti-rusya-ve-iran-heyetleriyle-astana-formatinda-duzenlenen-20-uluslararasi-gorusme-kapsaminda-gorustu","status":"publish","type":"post","link":"https:\/\/archive.sana.sy\/tr\/?p=282913","title":{"rendered":"Suriye Heyeti, Rusya Ve \u0130ran Heyetleriyle Astana Format\u0131nda D\u00fczenlenen 20. Uluslararas\u0131 G\u00f6r\u00fc\u015fme Kapsam\u0131nda G\u00f6r\u00fc\u015ft\u00fc"},"content":{"rendered":"<p><strong>ASTANA <\/strong>&#8211; D\u0131\u015fi\u015fleri ve Gurbet\u00e7iler Bakan Yard\u0131mc\u0131s\u0131 Eymen Sosan ba\u015fkanl\u0131\u011f\u0131ndaki Suriye Arap Cumhuriyeti heyeti, D\u0131\u015fi\u015fleri Bakan Yard\u0131mc\u0131s\u0131 ve Rusya Devlet Ba\u015fkan\u0131 Ortado\u011fu \u00d6zel Temsilcisi Mihail Bogdanov ba\u015fkanl\u0131\u011f\u0131ndaki Rus heyeti ve ard\u0131ndan \u0130ran D\u0131\u015fi\u015fleri Bakan\u0131&#8217;n\u0131n \u00d6zel Siyasi \u0130\u015flerden Sorumlu K\u0131demli Yard\u0131mc\u0131s\u0131 Ali As\u011far Haci ba\u015fkanl\u0131\u011f\u0131ndaki \u0130ran heyeti ile bir araya geldi.<\/p>\n<p><strong>\u00a0<\/strong>D\u00f6rtl\u00fc toplant\u0131ya ili\u015fkin hususlar Suriye Arap Cumhuriyeti, Rusya Federasyonu, \u0130ran \u0130slam Cumhuriyeti ve T\u00fcrkiye Cumhuriyeti d\u0131\u015fi\u015fleri bakan yard\u0131mc\u0131lar\u0131 d\u00fczeyinde de ele al\u0131nd\u0131.<\/p>\n<p>Bu ba\u011flamda Dr. Sosan, T\u00fcrkiye&#8217;nin Suriye topraklar\u0131ndan \u00e7ekilmesinin iki \u00fclke aras\u0131ndaki herhangi bir normal ili\u015fki veya herhangi bir alanda herhangi bir i\u015fbirli\u011fi i\u00e7in tek giri\u015f noktas\u0131 oldu\u011funu vurgulayarak, ter\u00f6rle m\u00fccadelenin se\u00e7ici olmad\u0131\u011f\u0131n\u0131, s\u0131n\u0131r g\u00fcvenli\u011fini sa\u011flaman\u0131n kom\u015fu \u00fclkelerin ortak sorumlulu\u011fu oldu\u011funa i\u015faret etti.<\/p>\n<p>Bogdanov ve Haci , \u00fclkelerinin Suriye&#8217;nin egemenli\u011fini, birli\u011fini ve toprak b\u00fct\u00fcnl\u00fc\u011f\u00fcn\u00fc korumas\u0131 ve i\u00e7 i\u015flerine kar\u0131\u015fmamas\u0131 konusunda deste\u011fini yinelediler.<\/p>\n<p>Mevcut geli\u015fmeler do\u011frultusunda ortak vizyonlar\u0131 geli\u015ftirmek i\u00e7in Suriye, Rusya ve \u0130ran aras\u0131nda \u00e7e\u015fitli ilgili konularda isti\u015fare ve koordinasyonun s\u00fcrd\u00fcr\u00fclmesi konusunda mutabakata var\u0131ld\u0131.<\/p>\n<div id='gallery-1' class='gallery galleryid-282913 gallery-columns-1 gallery-size-full'><figure class='gallery-item'>\n\t\t\t<div class='gallery-icon landscape'>\n\t\t\t\t<a href='https:\/\/archive.sana.sy\/tr\/wp-content\/uploads\/2023\/06\/photo_2023-06-20_08-37-01-1.jpg'><img loading=\"lazy\" decoding=\"async\" width=\"660\" height=\"395\" src=\"https:\/\/archive.sana.sy\/tr\/wp-content\/uploads\/2023\/06\/photo_2023-06-20_08-37-01-1.jpg\" class=\"attachment-full size-full\" alt=\"\" srcset=\"https:\/\/archive.sana.sy\/tr\/wp-content\/uploads\/2023\/06\/photo_2023-06-20_08-37-01-1.jpg 660w, https:\/\/archive.sana.sy\/tr\/wp-content\/uploads\/2023\/06\/photo_2023-06-20_08-37-01-1-300x180.jpg 300w\" sizes=\"auto, (max-width: 660px) 100vw, 660px\" \/><\/a>\n\t\t\t<\/div><\/figure><figure class='gallery-item'>\n\t\t\t<div class='gallery-icon landscape'>\n\t\t\t\t<a href='https:\/\/archive.sana.sy\/tr\/wp-content\/uploads\/2023\/06\/photo_2023-06-20_08-37-40.jpg'><img loading=\"lazy\" decoding=\"async\" width=\"660\" height=\"398\" src=\"https:\/\/archive.sana.sy\/tr\/wp-content\/uploads\/2023\/06\/photo_2023-06-20_08-37-40.jpg\" class=\"attachment-full size-full\" alt=\"\" srcset=\"https:\/\/archive.sana.sy\/tr\/wp-content\/uploads\/2023\/06\/photo_2023-06-20_08-37-40.jpg 660w, https:\/\/archive.sana.sy\/tr\/wp-content\/uploads\/2023\/06\/photo_2023-06-20_08-37-40-300x181.jpg 300w\" sizes=\"auto, (max-width: 660px) 100vw, 660px\" \/><\/a>\n\t\t\t<\/div><\/figure>\n\t\t<\/div>\n\n<p id=\"tw-target-text\" class=\"tw-data-text tw-text-large tw-ta\" dir=\"ltr\" data-placeholder=\"\u0627\u0644\u062a\u0631\u062c\u0645\u0629\"><span style=\"color: #0000ff;\"><strong><span class=\"Y2IQFc\" lang=\"tr\">Rus heyeti<\/span><\/strong><\/span><\/p>\n<div id='gallery-2' class='gallery galleryid-282913 gallery-columns-1 gallery-size-full'><figure class='gallery-item'>\n\t\t\t<div class='gallery-icon landscape'>\n\t\t\t\t<a href='https:\/\/archive.sana.sy\/tr\/wp-content\/uploads\/2023\/06\/AAA_2892-1.jpg'><img loading=\"lazy\" decoding=\"async\" width=\"660\" height=\"382\" src=\"https:\/\/archive.sana.sy\/tr\/wp-content\/uploads\/2023\/06\/AAA_2892-1.jpg\" class=\"attachment-full size-full\" alt=\"\" srcset=\"https:\/\/archive.sana.sy\/tr\/wp-content\/uploads\/2023\/06\/AAA_2892-1.jpg 660w, https:\/\/archive.sana.sy\/tr\/wp-content\/uploads\/2023\/06\/AAA_2892-1-300x174.jpg 300w\" sizes=\"auto, (max-width: 660px) 100vw, 660px\" \/><\/a>\n\t\t\t<\/div><\/figure><figure class='gallery-item'>\n\t\t\t<div class='gallery-icon landscape'>\n\t\t\t\t<a href='https:\/\/archive.sana.sy\/tr\/wp-content\/uploads\/2023\/06\/photo_2023-06-20_08-37-40.jpg'><img loading=\"lazy\" decoding=\"async\" width=\"660\" height=\"398\" src=\"https:\/\/archive.sana.sy\/tr\/wp-content\/uploads\/2023\/06\/photo_2023-06-20_08-37-40.jpg\" class=\"attachment-full size-full\" alt=\"\" srcset=\"https:\/\/archive.sana.sy\/tr\/wp-content\/uploads\/2023\/06\/photo_2023-06-20_08-37-40.jpg 660w, https:\/\/archive.sana.sy\/tr\/wp-content\/uploads\/2023\/06\/photo_2023-06-20_08-37-40-300x181.jpg 300w\" sizes=\"auto, (max-width: 660px) 100vw, 660px\" \/><\/a>\n\t\t\t<\/div><\/figure><figure class='gallery-item'>\n\t\t\t<div class='gallery-icon landscape'>\n\t\t\t\t<a href='https:\/\/archive.sana.sy\/tr\/wp-content\/uploads\/2023\/06\/AAA_2878-1.jpg'><img loading=\"lazy\" decoding=\"async\" width=\"660\" height=\"390\" src=\"https:\/\/archive.sana.sy\/tr\/wp-content\/uploads\/2023\/06\/AAA_2878-1.jpg\" class=\"attachment-full size-full\" alt=\"\" srcset=\"https:\/\/archive.sana.sy\/tr\/wp-content\/uploads\/2023\/06\/AAA_2878-1.jpg 660w, https:\/\/archive.sana.sy\/tr\/wp-content\/uploads\/2023\/06\/AAA_2878-1-300x177.jpg 300w\" sizes=\"auto, (max-width: 660px) 100vw, 660px\" \/><\/a>\n\t\t\t<\/div><\/figure><figure class='gallery-item'>\n\t\t\t<div class='gallery-icon landscape'>\n\t\t\t\t<a href='https:\/\/archive.sana.sy\/tr\/wp-content\/uploads\/2023\/06\/AAA_2884-1.jpg'><img loading=\"lazy\" decoding=\"async\" width=\"660\" height=\"414\" src=\"https:\/\/archive.sana.sy\/tr\/wp-content\/uploads\/2023\/06\/AAA_2884-1.jpg\" class=\"attachment-full size-full\" alt=\"\" srcset=\"https:\/\/archive.sana.sy\/tr\/wp-content\/uploads\/2023\/06\/AAA_2884-1.jpg 660w, https:\/\/archive.sana.sy\/tr\/wp-content\/uploads\/2023\/06\/AAA_2884-1-300x188.jpg 300w\" sizes=\"auto, (max-width: 660px) 100vw, 660px\" \/><\/a>\n\t\t\t<\/div><\/figure><figure class='gallery-item'>\n\t\t\t<div class='gallery-icon landscape'>\n\t\t\t\t<a href='https:\/\/archive.sana.sy\/tr\/wp-content\/uploads\/2023\/06\/AAA_2892-1-1.jpg'><img loading=\"lazy\" decoding=\"async\" width=\"660\" height=\"382\" src=\"https:\/\/archive.sana.sy\/tr\/wp-content\/uploads\/2023\/06\/AAA_2892-1-1.jpg\" class=\"attachment-full size-full\" alt=\"\" srcset=\"https:\/\/archive.sana.sy\/tr\/wp-content\/uploads\/2023\/06\/AAA_2892-1-1.jpg 660w, https:\/\/archive.sana.sy\/tr\/wp-content\/uploads\/2023\/06\/AAA_2892-1-1-300x174.jpg 300w\" sizes=\"auto, (max-width: 660px) 100vw, 660px\" \/><\/a>\n\t\t\t<\/div><\/figure>\n\t\t<\/div>\n\n<p><a href=\"https:\/\/t.me\/SuriyeArapHaberAjansI\">Telegram Kanal\u0131m\u0131z\u00a0<\/a><\/p>\n<p><a href=\"https:\/\/www.facebook.com\/SANAHaberAjansi\/\">Facebook Sayfam\u0131z<\/a><\/p>\n<p><a href=\"https:\/\/twitter.com\/arap_ajans\">Twitter Hesab\u0131m\u0131z<\/a><\/p>\n","protected":false},"excerpt":{"rendered":"<p>ASTANA &#8211; D\u0131\u015fi\u015fleri ve Gurbet\u00e7iler Bakan Yard\u0131mc\u0131s\u0131 Eymen Sosan ba\u015fkanl\u0131\u011f\u0131ndaki Suriye Arap Cumhuriyeti heyeti, D\u0131\u015fi\u015fleri Bakan Yard\u0131mc\u0131s\u0131 ve Rusya Devlet Ba\u015fkan\u0131 Ortado\u011fu \u00d6zel Temsilcisi Mihail Bogdanov ba\u015fkanl\u0131\u011f\u0131ndaki Rus heyeti ve ard\u0131ndan \u0130ran D\u0131\u015fi\u015fleri Bakan\u0131&#8217;n\u0131n \u00d6zel Siyasi \u0130\u015flerden Sorumlu K\u0131demli Yard\u0131mc\u0131s\u0131 Ali As\u011far Haci ba\u015fkanl\u0131\u011f\u0131ndaki \u0130ran heyeti ile bir araya geldi. \u00a0D\u00f6rtl\u00fc toplant\u0131ya ili\u015fkin hususlar Suriye &hellip;<\/p>\n","protected":false},"author":39,"featured_media":282914,"comment_status":"closed","ping_status":"closed","sticky":false,"template":"","format":"standard","meta":{"footnotes":""},"categories":[458,459,17988],"tags":[],"class_list":["post-282913","post","type-post","status-publish","format-standard","has-post-thumbnail","","category-dunya1","category-haberler-arap-uluslararasi-politika","category-son-haberler"],"_links":{"self":[{"href":"https:\/\/archive.sana.sy\/tr\/index.php?rest_route=\/wp\/v2\/posts\/282913","targetHints":{"allow":["GET"]}}],"collection":[{"href":"https:\/\/archive.sana.sy\/tr\/index.php?rest_route=\/wp\/v2\/posts"}],"about":[{"href":"https:\/\/archive.sana.sy\/tr\/index.php?rest_route=\/wp\/v2\/types\/post"}],"author":[{"embeddable":true,"href":"https:\/\/archive.sana.sy\/tr\/index.php?rest_route=\/wp\/v2\/users\/39"}],"replies":[{"embeddable":true,"href":"https:\/\/archive.sana.sy\/tr\/index.php?rest_route=%2Fwp%2Fv2%2Fcomments&post=282913"}],"version-history":[{"count":1,"href":"https:\/\/archive.sana.sy\/tr\/index.php?rest_route=\/wp\/v2\/posts\/282913\/revisions"}],"predecessor-version":[{"id":283070,"href":"https:\/\/archive.sana.sy\/tr\/index.php?rest_route=\/wp\/v2\/posts\/282913\/revisions\/283070"}],"wp:featuredmedia":[{"embeddable":true,"href":"https:\/\/archive.sana.sy\/tr\/index.php?rest_route=\/wp\/v2\/media\/282914"}],"wp:attachment":[{"href":"https:\/\/archive.sana.sy\/tr\/index.php?rest_route=%2Fwp%2Fv2%2Fmedia&parent=282913"}],"wp:term":[{"taxonomy":"category","embeddable":true,"href":"https:\/\/archive.sana.sy\/tr\/index.php?rest_route=%2Fwp%2Fv2%2Fcategories&post=282913"},{"taxonomy":"post_tag","embeddable":true,"href":"https:\/\/archive.sana.sy\/tr\/index.php?rest_route=%2Fwp%2Fv2%2Ftags&post=282913"}],"curies":[{"name":"wp","href":"https:\/\/api.w.org\/{rel}","templated":true}]}}