{"id":28293,"date":"2015-04-01T18:48:18","date_gmt":"2015-04-01T15:48:18","guid":{"rendered":"http:\/\/www.sana.sy\/tr\/?p=28293"},"modified":"2015-04-02T16:43:23","modified_gmt":"2015-04-02T13:43:23","slug":"geneli-cocuk-ve-kadinlardan-48-sehit-son-yolculuklarina-ugurlandi","status":"publish","type":"post","link":"https:\/\/archive.sana.sy\/tr\/?p=28293","title":{"rendered":"Geneli \u00c7ocuk ve Kad\u0131nlardan 48 \u015eehit Son Yolculuklar\u0131na U\u011furland\u0131"},"content":{"rendered":"<p>HAMA \u2013 Kimi rejimlerin \u2018\u0131l\u0131ml\u0131 muhalifler\u2019 olarak nitelendirdi\u011fi eli kanl\u0131 ter\u00f6r \u00e7eteleri, Hama iline tabi Selemiye k\u0131rsal\u0131n\u0131n Mabuca K\u00f6y\u00fcne bulunduklar\u0131 sald\u0131r\u0131 ve ger\u00e7ekle\u015ftirdikleri katliamda \u015fehit d\u00fc\u015fen 48 sivil vatanda\u015f bug\u00fcn son yolculuklar\u0131na u\u011furland\u0131.<\/p>\n<p><a href=\"http:\/\/www.sana.sy\/tr\/wp-content\/uploads\/2015\/04\/\u015fehitler-2.jpg\"><img loading=\"lazy\" decoding=\"async\" class=\"alignright wp-image-28295 size-medium\" src=\"http:\/\/www.sana.sy\/tr\/wp-content\/uploads\/2015\/04\/\u015fehitler-2-300x160.jpg\" alt=\"\u015fehitler 2\" width=\"300\" height=\"160\" srcset=\"https:\/\/archive.sana.sy\/tr\/wp-content\/uploads\/2015\/04\/\u015fehitler-2-300x160.jpg 300w, https:\/\/archive.sana.sy\/tr\/wp-content\/uploads\/2015\/04\/\u015fehitler-2-150x80.jpg 150w, https:\/\/archive.sana.sy\/tr\/wp-content\/uploads\/2015\/04\/\u015fehitler-2.jpg 620w\" sizes=\"auto, (max-width: 300px) 100vw, 300px\" \/><\/a>Geneli \u00e7ocuk ve kad\u0131nlardan olu\u015fan 48 \u015fehidi son yolculu\u011funa u\u011frulamak i\u00e7in Selemiye Devlet Hastanesinde d\u00fczenlenen t\u00f6rene geni\u015f halk kitlelerin yan\u0131 s\u0131ra dini, sosyal ve resmi faaliyet temsilcileri kat\u0131ld\u0131.<\/p>\n<p>Cenaze t\u00f6reninde ordu birliklerimize takdir ve destek sloganlar\u0131 at\u0131l\u0131rken, ter\u00f6r \u00e7eteleri ve onlar\u0131 destekleyen devlet ve rejimler lanetle k\u0131nand\u0131.<\/p>\n<p>Kat\u0131l\u0131mc\u0131lar insanl\u0131\u011f\u0131n y\u00fcz karas\u0131 bu katliamlar\u0131n ter\u00f6r \u00e7eteleri ve destek\u00e7ilerinin al\u0131nlar\u0131nda sonsuza dek kara bir ar lekesi olarak kalaca\u011f\u0131n\u0131 vurgulad\u0131.<\/p>\n<p>Bu arada T\u00fcrkiye&#8217;deki rejim ve daha ba\u015fka devletlerin destekledikleri ter\u00f6r \u00e7eteleri d\u00fcn Mabuca K\u00f6y\u00fcne gece saatlerinde haince sald\u0131rm\u0131\u015f, onlarca evi ya\u011fmalay\u0131p \u00e7almas\u0131 ard\u0131ndan bu evleri i\u00e7indeki masum sivil insanlarla birlikte ate\u015fe vermi\u015flerdi. Hain sald\u0131r\u0131 sonucunda 48 ki\u015fi \u015fehit d\u00fc\u015fm\u00fc\u015f, onlarca ki\u015fi de yaralanm\u0131\u015ft\u0131.<\/p>\n<p>A.A. &#8211; M.M.<\/p>\n","protected":false},"excerpt":{"rendered":"<p>HAMA \u2013 Kimi rejimlerin \u2018\u0131l\u0131ml\u0131 muhalifler\u2019 olarak nitelendirdi\u011fi eli kanl\u0131 ter\u00f6r \u00e7eteleri, Hama iline tabi Selemiye k\u0131rsal\u0131n\u0131n Mabuca K\u00f6y\u00fcne bulunduklar\u0131 sald\u0131r\u0131 ve ger\u00e7ekle\u015ftirdikleri katliamda \u015fehit d\u00fc\u015fen 48 sivil vatanda\u015f bug\u00fcn son yolculuklar\u0131na u\u011furland\u0131. Geneli \u00e7ocuk ve kad\u0131nlardan olu\u015fan 48 \u015fehidi son yolculu\u011funa u\u011frulamak i\u00e7in Selemiye Devlet Hastanesinde d\u00fczenlenen t\u00f6rene geni\u015f halk kitlelerin yan\u0131 s\u0131ra dini, &hellip;<\/p>\n","protected":false},"author":1,"featured_media":28294,"comment_status":"closed","ping_status":"closed","sticky":false,"template":"","format":"standard","meta":{"footnotes":""},"categories":[575],"tags":[13179,13180],"class_list":["post-28293","post","type-post","status-publish","format-standard","has-post-thumbnail","","category-olaylar-ve-gercekler","tag-geneli-cocuk-ve-kadinlardan-48-sehit-son-yolculuklarina-ugurlandi","tag-hama-eli-kanli-teror-ceteleri-yada-kimi-rejimlerin-ilimli-muhaliflerin-hama-iline-tabi-selemiye-kirsalinin-mabuca-koyune-bulunduklari-saldiri-ve-gerceklestirdikleri-katliam"],"_links":{"self":[{"href":"https:\/\/archive.sana.sy\/tr\/index.php?rest_route=\/wp\/v2\/posts\/28293","targetHints":{"allow":["GET"]}}],"collection":[{"href":"https:\/\/archive.sana.sy\/tr\/index.php?rest_route=\/wp\/v2\/posts"}],"about":[{"href":"https:\/\/archive.sana.sy\/tr\/index.php?rest_route=\/wp\/v2\/types\/post"}],"author":[{"embeddable":true,"href":"https:\/\/archive.sana.sy\/tr\/index.php?rest_route=\/wp\/v2\/users\/1"}],"replies":[{"embeddable":true,"href":"https:\/\/archive.sana.sy\/tr\/index.php?rest_route=%2Fwp%2Fv2%2Fcomments&post=28293"}],"version-history":[{"count":0,"href":"https:\/\/archive.sana.sy\/tr\/index.php?rest_route=\/wp\/v2\/posts\/28293\/revisions"}],"wp:featuredmedia":[{"embeddable":true,"href":"https:\/\/archive.sana.sy\/tr\/index.php?rest_route=\/wp\/v2\/media\/28294"}],"wp:attachment":[{"href":"https:\/\/archive.sana.sy\/tr\/index.php?rest_route=%2Fwp%2Fv2%2Fmedia&parent=28293"}],"wp:term":[{"taxonomy":"category","embeddable":true,"href":"https:\/\/archive.sana.sy\/tr\/index.php?rest_route=%2Fwp%2Fv2%2Fcategories&post=28293"},{"taxonomy":"post_tag","embeddable":true,"href":"https:\/\/archive.sana.sy\/tr\/index.php?rest_route=%2Fwp%2Fv2%2Ftags&post=28293"}],"curies":[{"name":"wp","href":"https:\/\/api.w.org\/{rel}","templated":true}]}}