{"id":282966,"date":"2023-06-20T18:17:16","date_gmt":"2023-06-20T15:17:16","guid":{"rendered":"http:\/\/sana.sy\/tr\/?p=282966"},"modified":"2023-06-22T08:17:01","modified_gmt":"2023-06-22T05:17:01","slug":"sam-universitesi-ile-italyan-armadilla-orgutu-arasinda-mutabakat-zapti-imzalandi","status":"publish","type":"post","link":"https:\/\/archive.sana.sy\/tr\/?p=282966","title":{"rendered":"\u015eam \u00dcniversitesi \u0130le \u0130talyan Armadilla \u00d6rg\u00fct\u00fc Aras\u0131nda Mutabakat Zapt\u0131 \u0130mzaland\u0131"},"content":{"rendered":"<p><strong>\u015eAM<\/strong> &#8211; \u015eam \u00dcniversitesi ve \u0130talya&#8217;daki \u201cArmadilla\u201d \u00f6rg\u00fct\u00fc, bilimsel, akademik, ara\u015ft\u0131rma ve e\u011fitim i\u015fbirli\u011fini geli\u015ftirmek, uzmanl\u0131k ve deneyim al\u0131\u015fveri\u015fini te\u015fvik etmek ve kentsel ve k\u0131rsal kalk\u0131nma alan\u0131nda bilgi yaymak <img loading=\"lazy\" decoding=\"async\" class=\"size-full wp-image-282968 alignright\" src=\"http:\/\/sana.sy\/tr\/wp-content\/uploads\/2023\/06\/photo_2023-06-20_14-19-09-300x194-1.jpg\" alt=\"\" width=\"300\" height=\"194\" \/>amac\u0131yla bir mutabakat zapt\u0131 imzalad\u0131.<\/p>\n<p>\u015eam \u00dcniversitesi ile \u00f6rg\u00fct\u00fcn Suriye&#8217;deki temsilcisi taraf\u0131ndan imzalanan muht\u0131ra, Suriye&#8217;de toplumsal, e\u011fitim, kalk\u0131nma ve tar\u0131m sekt\u00f6r\u00fcnde s\u00fcrd\u00fcr\u00fclebilir kalk\u0131nma ilkelerine ula\u015fmak i\u00e7in bilimsel ara\u015ft\u0131rmalar\u0131 te\u015fvik etme alan\u0131nda \u00f6nerilen projeler kapsam\u0131nda i\u015fbirli\u011fini i\u00e7erdi.<\/p>\n<p>\u0130ki taraf ayr\u0131ca, her iki taraf\u0131n da sahip oldu\u011fu bilimsel ve teknik uzmanl\u0131ktan yararlanma ve Suriye&#8217;deki yerel halk\u0131n s\u00fcrd\u00fcr\u00fclebilir kalk\u0131nmas\u0131na hizmet etmek ve desteklemek i\u00e7in proje ve faaliyetler uygulama konusunda mutab\u0131k kald\u0131.<\/p>\n<p>R.M<\/p>\n<p><a href=\"https:\/\/t.me\/SuriyeArapHaberAjansI\">Telegram Kanal\u0131m\u0131z\u00a0<\/a><\/p>\n<p><a href=\"https:\/\/www.facebook.com\/SANAHaberAjansi\/\">Facebook Sayfam\u0131z<\/a><\/p>\n<p><a href=\"https:\/\/twitter.com\/arap_ajans\">Twitter Hesab\u0131m\u0131z<\/a><\/p>\n","protected":false},"excerpt":{"rendered":"<p>\u015eAM &#8211; \u015eam \u00dcniversitesi ve \u0130talya&#8217;daki \u201cArmadilla\u201d \u00f6rg\u00fct\u00fc, bilimsel, akademik, ara\u015ft\u0131rma ve e\u011fitim i\u015fbirli\u011fini geli\u015ftirmek, uzmanl\u0131k ve deneyim al\u0131\u015fveri\u015fini te\u015fvik etmek ve kentsel ve k\u0131rsal kalk\u0131nma alan\u0131nda bilgi yaymak amac\u0131yla bir mutabakat zapt\u0131 imzalad\u0131. \u015eam \u00dcniversitesi ile \u00f6rg\u00fct\u00fcn Suriye&#8217;deki temsilcisi taraf\u0131ndan imzalanan muht\u0131ra, Suriye&#8217;de toplumsal, e\u011fitim, kalk\u0131nma ve tar\u0131m sekt\u00f6r\u00fcnde s\u00fcrd\u00fcr\u00fclebilir kalk\u0131nma ilkelerine ula\u015fmak i\u00e7in &hellip;<\/p>\n","protected":false},"author":41,"featured_media":282967,"comment_status":"closed","ping_status":"closed","sticky":false,"template":"","format":"standard","meta":{"footnotes":""},"categories":[479,17988,478],"tags":[],"class_list":["post-282966","post","type-post","status-publish","format-standard","has-post-thumbnail","","category-haberler-yerel","category-son-haberler","category-yerel"],"_links":{"self":[{"href":"https:\/\/archive.sana.sy\/tr\/index.php?rest_route=\/wp\/v2\/posts\/282966","targetHints":{"allow":["GET"]}}],"collection":[{"href":"https:\/\/archive.sana.sy\/tr\/index.php?rest_route=\/wp\/v2\/posts"}],"about":[{"href":"https:\/\/archive.sana.sy\/tr\/index.php?rest_route=\/wp\/v2\/types\/post"}],"author":[{"embeddable":true,"href":"https:\/\/archive.sana.sy\/tr\/index.php?rest_route=\/wp\/v2\/users\/41"}],"replies":[{"embeddable":true,"href":"https:\/\/archive.sana.sy\/tr\/index.php?rest_route=%2Fwp%2Fv2%2Fcomments&post=282966"}],"version-history":[{"count":1,"href":"https:\/\/archive.sana.sy\/tr\/index.php?rest_route=\/wp\/v2\/posts\/282966\/revisions"}],"predecessor-version":[{"id":283071,"href":"https:\/\/archive.sana.sy\/tr\/index.php?rest_route=\/wp\/v2\/posts\/282966\/revisions\/283071"}],"wp:featuredmedia":[{"embeddable":true,"href":"https:\/\/archive.sana.sy\/tr\/index.php?rest_route=\/wp\/v2\/media\/282967"}],"wp:attachment":[{"href":"https:\/\/archive.sana.sy\/tr\/index.php?rest_route=%2Fwp%2Fv2%2Fmedia&parent=282966"}],"wp:term":[{"taxonomy":"category","embeddable":true,"href":"https:\/\/archive.sana.sy\/tr\/index.php?rest_route=%2Fwp%2Fv2%2Fcategories&post=282966"},{"taxonomy":"post_tag","embeddable":true,"href":"https:\/\/archive.sana.sy\/tr\/index.php?rest_route=%2Fwp%2Fv2%2Ftags&post=282966"}],"curies":[{"name":"wp","href":"https:\/\/api.w.org\/{rel}","templated":true}]}}