{"id":282970,"date":"2023-06-20T13:27:34","date_gmt":"2023-06-20T10:27:34","guid":{"rendered":"http:\/\/sana.sy\/tr\/?p=282970"},"modified":"2023-06-23T08:54:47","modified_gmt":"2023-06-23T05:54:47","slug":"tarim-bakanligi-ve-antakya-ve-tum-dogu-rum-ortodoks-patrikhanesi-kalkinma-projelerinde-isbirligini-gorustu","status":"publish","type":"post","link":"https:\/\/archive.sana.sy\/tr\/?p=282970","title":{"rendered":"Tar\u0131m Bakanl\u0131\u011f\u0131 Ve Antakya ve T\u00fcm Do\u011fu Rum Ortodoks Patrikhanesi, Kalk\u0131nma Projelerinde \u0130\u015fbirli\u011fini G\u00f6r\u00fc\u015ft\u00fc"},"content":{"rendered":"<p><strong>\u015eAM<\/strong> &#8211; Tar\u0131m Bakan\u0131 Hassan Katana, Antakya ve T\u00fcm Do\u011fu Rum Ortodoks Patrikhanesi Ek\u00fcmenik \u0130li\u015fkiler ve Kalk\u0131nma Dairesi Genel M\u00fcd\u00fcr\u00fc Archimandrite Meletius Chatahi ile bir sonraki a\u015famada bir dizi s\u00fcrd\u00fcr\u00fclebilir kalk\u0131nma projesi olu\u015fturmak i\u00e7in i\u015fbirli\u011fini art\u0131rman\u0131n yollar\u0131n\u0131 g\u00f6r\u00fc\u015ft\u00fc.<\/p>\n<p>Bakan Katana, Patrikhane&#8217;nin valiliklerde uygulad\u0131\u011f\u0131 projeleri desteklemeye ve geli\u015ftirmeye, onlardan yararlananlar\u0131n say\u0131s\u0131n\u0131 art\u0131rmaya ve geleneksel tar\u0131mdan modern tar\u0131ma ge\u00e7i\u015f amac\u0131yla yeni kalk\u0131nma i\u015fbirlikleri kurmaya haz\u0131r oldu\u011funu ifade etti.<\/p>\n<p>Shatahi ise, Ek\u00fcmenik Departman\u0131n \u015fu anda uygulamakta oldu\u011fu en \u00f6nemli projeleri ve kalk\u0131nmay\u0131 sa\u011flamak ve yararlan\u0131c\u0131 ailelerin ge\u00e7im kaynaklar\u0131n\u0131 iyile\u015ftirmek i\u00e7in baz\u0131 b\u00f6lgelere nas\u0131l m\u00fcdahale edilece\u011fini g\u00f6zden ge\u00e7irerek, Bu alanda Tar\u0131m Bakanl\u0131\u011f\u0131 ile i\u015fbirli\u011finin geli\u015ftirilmesi gerekti\u011fine i\u015faret etti.<\/p>\n<p>R.M<\/p>\n<p><a href=\"https:\/\/t.me\/SuriyeArapHaberAjansI\">Telegram Kanal\u0131m\u0131z\u00a0<\/a><\/p>\n<p><a href=\"https:\/\/www.facebook.com\/SANAHaberAjansi\/\">Facebook Sayfam\u0131z<\/a><\/p>\n<p><a href=\"https:\/\/twitter.com\/arap_ajans\">Twitter Hesab\u0131m\u0131z<\/a><\/p>\n","protected":false},"excerpt":{"rendered":"<p>\u015eAM &#8211; Tar\u0131m Bakan\u0131 Hassan Katana, Antakya ve T\u00fcm Do\u011fu Rum Ortodoks Patrikhanesi Ek\u00fcmenik \u0130li\u015fkiler ve Kalk\u0131nma Dairesi Genel M\u00fcd\u00fcr\u00fc Archimandrite Meletius Chatahi ile bir sonraki a\u015famada bir dizi s\u00fcrd\u00fcr\u00fclebilir kalk\u0131nma projesi olu\u015fturmak i\u00e7in i\u015fbirli\u011fini art\u0131rman\u0131n yollar\u0131n\u0131 g\u00f6r\u00fc\u015ft\u00fc. Bakan Katana, Patrikhane&#8217;nin valiliklerde uygulad\u0131\u011f\u0131 projeleri desteklemeye ve geli\u015ftirmeye, onlardan yararlananlar\u0131n say\u0131s\u0131n\u0131 art\u0131rmaya ve geleneksel tar\u0131mdan modern &hellip;<\/p>\n","protected":false},"author":41,"featured_media":282971,"comment_status":"closed","ping_status":"closed","sticky":false,"template":"","format":"standard","meta":{"footnotes":""},"categories":[485,479,486,17988,478],"tags":[],"class_list":["post-282970","post","type-post","status-publish","format-standard","has-post-thumbnail","","category-is-ve-sermaye","category-haberler-yerel","category-haberler-is-ve-sermaye","category-son-haberler","category-yerel"],"_links":{"self":[{"href":"https:\/\/archive.sana.sy\/tr\/index.php?rest_route=\/wp\/v2\/posts\/282970","targetHints":{"allow":["GET"]}}],"collection":[{"href":"https:\/\/archive.sana.sy\/tr\/index.php?rest_route=\/wp\/v2\/posts"}],"about":[{"href":"https:\/\/archive.sana.sy\/tr\/index.php?rest_route=\/wp\/v2\/types\/post"}],"author":[{"embeddable":true,"href":"https:\/\/archive.sana.sy\/tr\/index.php?rest_route=\/wp\/v2\/users\/41"}],"replies":[{"embeddable":true,"href":"https:\/\/archive.sana.sy\/tr\/index.php?rest_route=%2Fwp%2Fv2%2Fcomments&post=282970"}],"version-history":[{"count":1,"href":"https:\/\/archive.sana.sy\/tr\/index.php?rest_route=\/wp\/v2\/posts\/282970\/revisions"}],"predecessor-version":[{"id":283120,"href":"https:\/\/archive.sana.sy\/tr\/index.php?rest_route=\/wp\/v2\/posts\/282970\/revisions\/283120"}],"wp:featuredmedia":[{"embeddable":true,"href":"https:\/\/archive.sana.sy\/tr\/index.php?rest_route=\/wp\/v2\/media\/282971"}],"wp:attachment":[{"href":"https:\/\/archive.sana.sy\/tr\/index.php?rest_route=%2Fwp%2Fv2%2Fmedia&parent=282970"}],"wp:term":[{"taxonomy":"category","embeddable":true,"href":"https:\/\/archive.sana.sy\/tr\/index.php?rest_route=%2Fwp%2Fv2%2Fcategories&post=282970"},{"taxonomy":"post_tag","embeddable":true,"href":"https:\/\/archive.sana.sy\/tr\/index.php?rest_route=%2Fwp%2Fv2%2Ftags&post=282970"}],"curies":[{"name":"wp","href":"https:\/\/api.w.org\/{rel}","templated":true}]}}