{"id":282995,"date":"2023-06-20T20:02:54","date_gmt":"2023-06-20T17:02:54","guid":{"rendered":"http:\/\/sana.sy\/tr\/?p=282995"},"modified":"2023-06-22T08:17:40","modified_gmt":"2023-06-22T05:17:40","slug":"suriye-israilin-suc-uygulamalarini-kiniyor-ve-filistin-halkinin-mucadelesini-selamliyor","status":"publish","type":"post","link":"https:\/\/archive.sana.sy\/tr\/?p=282995","title":{"rendered":"Suriye, \u0130srail&#8217;in Su\u00e7 Uygulamalar\u0131n\u0131 K\u0131nad\u0131 Ve Filistin Halk\u0131n\u0131n M\u00fccadelesini Selamlad\u0131"},"content":{"rendered":"<p><strong>\u015eAM<\/strong> &#8211; Suriye, \u0130srail&#8217;in su\u00e7 uygulamalar\u0131n\u0131 k\u0131nad\u0131 ve Filistin halk\u0131n\u0131n \u00f6l\u00fcm makinesine ve \u0130srail i\u015fgalinin Filistin topraklar\u0131ndaki canice uygulamalar\u0131na kar\u015f\u0131 verdi\u011fi m\u00fccadeleyi selamlad\u0131.<\/p>\n<p>D\u0131\u015fi\u015fleri ve Gurbet\u00e7iler Bakanl\u0131\u011f\u0131 bug\u00fcn yapt\u0131\u011f\u0131 a\u00e7\u0131klamada, \u2018\u2019\u0130srail i\u015fgalinin su\u00e7 uygulamalar\u0131 son haftalarda i\u015fgal alt\u0131ndaki Filistin topraklar\u0131nda t\u0131rmand\u0131 ve en sonuncusu onlarca Filistinlinin \u00f6l\u00fcm\u00fcne ve yaralanmas\u0131na yol a\u00e7an Cenin katliam\u0131 oldu\u2019\u2019 dedi.<\/p>\n<p>D\u0131\u015fi\u015fleri Bakanl\u0131\u011f\u0131 ayr\u0131ca, \u2018\u2019\u00d6zellikle Cenin kamp\u0131 Filistin halk\u0131n\u0131n kararl\u0131l\u0131\u011f\u0131n\u0131 temsil ediyor ve ayn\u0131 zamanda \u201c\u0130srail\u201din insanl\u0131\u011fa kar\u015f\u0131 su\u00e7 say\u0131lan su\u00e7lar\u0131yla defalarca ger\u00e7ekle\u015ftirdi\u011fi y\u0131k\u0131m\u0131n damgas\u0131n\u0131 ta\u015f\u0131yor.\u2019\u2019 ifadelerini s\u00f6zlerine ekledi.<\/p>\n<p>\u2018\u2019Amerika Birle\u015fik Devletleri&#8217;nin ve baz\u0131 Bat\u0131l\u0131 \u00fclkelerin \u201c\u0130srail&#8217;in\u201d Filistin&#8217;deki su\u00e7lar\u0131na, sald\u0131r\u0131lar\u0131na ve uluslararas\u0131 hukuk ihlallerine verdi\u011fi deste\u011fin s\u00fcrmesi, onu bu \u0131rk\u00e7\u0131 yakla\u015f\u0131m\u0131 s\u00fcrd\u00fcrmeye davetten ba\u015fka bir \u015fey de\u011fildir\u2019\u00a0 ifadelerini kullanan bakanl\u0131k, \u2018\u2019Suriye, \u0130srail&#8217;in su\u00e7 uygulamalar\u0131n\u0131 k\u0131n\u0131yor ve Filistin halk\u0131n\u0131n bu \u00f6l\u00fcm makinesi kar\u015f\u0131s\u0131nda verdi\u011fi m\u00fccadeleyi selaml\u0131yor. \u0130srail&#8217;in bu t\u0131rman\u0131\u015f\u0131n\u0131n, yaln\u0131zca, ba\u015fkenti Kud\u00fcs olan ba\u011f\u0131ms\u0131z bir Filistin devletinin kurulmas\u0131 ba\u015fta olmak \u00fczere, haklara daha fazla ba\u011fl\u0131l\u0131kla kar\u015f\u0131lanaca\u011f\u0131na olan g\u00fcvenini tazeliyor\u2019\u2019 a\u00e7\u0131klamada bulundu.<\/p>\n<p>&nbsp;<\/p>\n<p>R.M<\/p>\n<p><a href=\"https:\/\/t.me\/SuriyeArapHaberAjansI\">Telegram Kanal\u0131m\u0131z\u00a0<\/a><\/p>\n<p><a href=\"https:\/\/www.facebook.com\/SANAHaberAjansi\/\">Facebook Sayfam\u0131z<\/a><\/p>\n<p><a href=\"https:\/\/twitter.com\/arap_ajans\">Twitter Hesab\u0131m\u0131z<\/a><\/p>\n","protected":false},"excerpt":{"rendered":"<p>\u015eAM &#8211; Suriye, \u0130srail&#8217;in su\u00e7 uygulamalar\u0131n\u0131 k\u0131nad\u0131 ve Filistin halk\u0131n\u0131n \u00f6l\u00fcm makinesine ve \u0130srail i\u015fgalinin Filistin topraklar\u0131ndaki canice uygulamalar\u0131na kar\u015f\u0131 verdi\u011fi m\u00fccadeleyi selamlad\u0131. D\u0131\u015fi\u015fleri ve Gurbet\u00e7iler Bakanl\u0131\u011f\u0131 bug\u00fcn yapt\u0131\u011f\u0131 a\u00e7\u0131klamada, \u2018\u2019\u0130srail i\u015fgalinin su\u00e7 uygulamalar\u0131 son haftalarda i\u015fgal alt\u0131ndaki Filistin topraklar\u0131nda t\u0131rmand\u0131 ve en sonuncusu onlarca Filistinlinin \u00f6l\u00fcm\u00fcne ve yaralanmas\u0131na yol a\u00e7an Cenin katliam\u0131 oldu\u2019\u2019 dedi. &hellip;<\/p>\n","protected":false},"author":41,"featured_media":282996,"comment_status":"closed","ping_status":"closed","sticky":false,"template":"","format":"standard","meta":{"footnotes":""},"categories":[479,17988,478],"tags":[6737,5614,16591],"class_list":["post-282995","post","type-post","status-publish","format-standard","has-post-thumbnail","","category-haberler-yerel","category-son-haberler","category-yerel","tag-filistin","tag-israil","tag-suriye"],"_links":{"self":[{"href":"https:\/\/archive.sana.sy\/tr\/index.php?rest_route=\/wp\/v2\/posts\/282995","targetHints":{"allow":["GET"]}}],"collection":[{"href":"https:\/\/archive.sana.sy\/tr\/index.php?rest_route=\/wp\/v2\/posts"}],"about":[{"href":"https:\/\/archive.sana.sy\/tr\/index.php?rest_route=\/wp\/v2\/types\/post"}],"author":[{"embeddable":true,"href":"https:\/\/archive.sana.sy\/tr\/index.php?rest_route=\/wp\/v2\/users\/41"}],"replies":[{"embeddable":true,"href":"https:\/\/archive.sana.sy\/tr\/index.php?rest_route=%2Fwp%2Fv2%2Fcomments&post=282995"}],"version-history":[{"count":1,"href":"https:\/\/archive.sana.sy\/tr\/index.php?rest_route=\/wp\/v2\/posts\/282995\/revisions"}],"predecessor-version":[{"id":283076,"href":"https:\/\/archive.sana.sy\/tr\/index.php?rest_route=\/wp\/v2\/posts\/282995\/revisions\/283076"}],"wp:featuredmedia":[{"embeddable":true,"href":"https:\/\/archive.sana.sy\/tr\/index.php?rest_route=\/wp\/v2\/media\/282996"}],"wp:attachment":[{"href":"https:\/\/archive.sana.sy\/tr\/index.php?rest_route=%2Fwp%2Fv2%2Fmedia&parent=282995"}],"wp:term":[{"taxonomy":"category","embeddable":true,"href":"https:\/\/archive.sana.sy\/tr\/index.php?rest_route=%2Fwp%2Fv2%2Fcategories&post=282995"},{"taxonomy":"post_tag","embeddable":true,"href":"https:\/\/archive.sana.sy\/tr\/index.php?rest_route=%2Fwp%2Fv2%2Ftags&post=282995"}],"curies":[{"name":"wp","href":"https:\/\/api.w.org\/{rel}","templated":true}]}}