{"id":283002,"date":"2023-06-21T09:29:28","date_gmt":"2023-06-21T06:29:28","guid":{"rendered":"http:\/\/www.sana.sy\/tr\/?p=283002"},"modified":"2023-06-22T08:17:50","modified_gmt":"2023-06-22T05:17:50","slug":"isgal-altindaki-suriye-golandaki-halkimiz-israilin-isgal-uygulamalarini-protesto-etmek-icin-genel-grev-basladi","status":"publish","type":"post","link":"https:\/\/archive.sana.sy\/tr\/?p=283002","title":{"rendered":"\u0130\u015fgal Alt\u0131ndaki Suriye Golan&#8217;daki Halk\u0131m\u0131z, \u0130srail&#8217;in \u0130\u015fgal Uygulamalar\u0131n\u0131 Protesto Etmek \u0130\u00e7in Genel Grev Ba\u015flad\u0131"},"content":{"rendered":"<p>\u0130\u015eGAL ED\u0130LEN SUR\u0130YEL\u0130 GOLAN \u2013 i\u015fgal alt\u0131ndaki Suriye Golan&#8217;daki halk\u0131m\u0131z, \u0130srail i\u015fgalinin kendilerine ve topraklar\u0131na y\u00f6nelik keyfi ve kriminal tedbir ve uygulamalar\u0131na kar\u015f\u0131 bir grev ba\u015flatt\u0131.<\/p>\n<p>SANA muhabiri, i\u015fgal alt\u0131ndaki Golan&#8217;daki y\u00fczlerce insan\u0131m\u0131z\u0131n, \u0130\u015fgalcilerin tar\u0131m arazilerine r\u00fczgar t\u00fcrbinleri kurma plan\u0131n\u0131 reddederek Masada k\u00f6y\u00fcn\u00fcn do\u011fusundaki El Hafayir b\u00f6lgesine do\u011fru yola \u00e7\u0131kmak i\u00e7in El Marc b\u00f6lgesindeki Abi Dhar El Cafari t\u00fcrbesinde toplanmaya ba\u015flad\u0131\u011f\u0131n\u0131 belirtti.<\/p>\n<p>Muhabir, i\u015fgalin kuvvetlerinden b\u00fcy\u00fck takviyeler getirdi\u011fini ve r\u00fczgar t\u00fcrbinlerinin in\u015fa edilece\u011fi Hafayir b\u00f6lgesine giden t\u00fcm yollar\u0131 kapatt\u0131\u011f\u0131n\u0131 belirtti.<\/p>\n<p><a href=\"https:\/\/t.me\/SuriyeArapHaberAjansI\">Telegram Kanal\u0131m\u0131z\u00a0<\/a><\/p>\n<p><a href=\"https:\/\/www.facebook.com\/SANAHaberAjansi\/\">Facebook Sayfam\u0131z<\/a><\/p>\n<p><a href=\"https:\/\/twitter.com\/arap_ajans\">Twitter Hesab\u0131m\u0131z<\/a><\/p>\n","protected":false},"excerpt":{"rendered":"<p>\u0130\u015eGAL ED\u0130LEN SUR\u0130YEL\u0130 GOLAN \u2013 i\u015fgal alt\u0131ndaki Suriye Golan&#8217;daki halk\u0131m\u0131z, \u0130srail i\u015fgalinin kendilerine ve topraklar\u0131na y\u00f6nelik keyfi ve kriminal tedbir ve uygulamalar\u0131na kar\u015f\u0131 bir grev ba\u015flatt\u0131. SANA muhabiri, i\u015fgal alt\u0131ndaki Golan&#8217;daki y\u00fczlerce insan\u0131m\u0131z\u0131n, \u0130\u015fgalcilerin tar\u0131m arazilerine r\u00fczgar t\u00fcrbinleri kurma plan\u0131n\u0131 reddederek Masada k\u00f6y\u00fcn\u00fcn do\u011fusundaki El Hafayir b\u00f6lgesine do\u011fru yola \u00e7\u0131kmak i\u00e7in El Marc b\u00f6lgesindeki Abi &hellip;<\/p>\n","protected":false},"author":36,"featured_media":283003,"comment_status":"closed","ping_status":"closed","sticky":false,"template":"","format":"standard","meta":{"footnotes":""},"categories":[479,17988,478],"tags":[],"class_list":["post-283002","post","type-post","status-publish","format-standard","has-post-thumbnail","","category-haberler-yerel","category-son-haberler","category-yerel"],"_links":{"self":[{"href":"https:\/\/archive.sana.sy\/tr\/index.php?rest_route=\/wp\/v2\/posts\/283002","targetHints":{"allow":["GET"]}}],"collection":[{"href":"https:\/\/archive.sana.sy\/tr\/index.php?rest_route=\/wp\/v2\/posts"}],"about":[{"href":"https:\/\/archive.sana.sy\/tr\/index.php?rest_route=\/wp\/v2\/types\/post"}],"author":[{"embeddable":true,"href":"https:\/\/archive.sana.sy\/tr\/index.php?rest_route=\/wp\/v2\/users\/36"}],"replies":[{"embeddable":true,"href":"https:\/\/archive.sana.sy\/tr\/index.php?rest_route=%2Fwp%2Fv2%2Fcomments&post=283002"}],"version-history":[{"count":1,"href":"https:\/\/archive.sana.sy\/tr\/index.php?rest_route=\/wp\/v2\/posts\/283002\/revisions"}],"predecessor-version":[{"id":283004,"href":"https:\/\/archive.sana.sy\/tr\/index.php?rest_route=\/wp\/v2\/posts\/283002\/revisions\/283004"}],"wp:featuredmedia":[{"embeddable":true,"href":"https:\/\/archive.sana.sy\/tr\/index.php?rest_route=\/wp\/v2\/media\/283003"}],"wp:attachment":[{"href":"https:\/\/archive.sana.sy\/tr\/index.php?rest_route=%2Fwp%2Fv2%2Fmedia&parent=283002"}],"wp:term":[{"taxonomy":"category","embeddable":true,"href":"https:\/\/archive.sana.sy\/tr\/index.php?rest_route=%2Fwp%2Fv2%2Fcategories&post=283002"},{"taxonomy":"post_tag","embeddable":true,"href":"https:\/\/archive.sana.sy\/tr\/index.php?rest_route=%2Fwp%2Fv2%2Ftags&post=283002"}],"curies":[{"name":"wp","href":"https:\/\/api.w.org\/{rel}","templated":true}]}}