{"id":283022,"date":"2023-06-21T14:00:37","date_gmt":"2023-06-21T11:00:37","guid":{"rendered":"https:\/\/sana.sy\/tr\/?p=283022"},"modified":"2023-06-22T08:18:00","modified_gmt":"2023-06-22T05:18:00","slug":"ozel-olimpiyatlar-dunya-oyunlarinda-suriyeye-yuzmede-bronz-madalya","status":"publish","type":"post","link":"https:\/\/archive.sana.sy\/tr\/?p=283022","title":{"rendered":"\u00d6zel Olimpiyatlar D\u00fcnya Oyunlar\u0131&#8217;nda Suriye&#8217;ye Y\u00fczmede Bronz Madalya"},"content":{"rendered":"<p><strong>BERL\u0130N<\/strong> &#8211; Almanya&#8217;n\u0131n ba\u015fkenti Berlin&#8217;de d\u00fczenlenen \u00d6zel Olimpiyatlar D\u00fcnya Oyunlar\u0131 kapsam\u0131nda d\u00fczenlenen y\u00fczme m\u00fcsabakalar\u0131nda Suriye \u00d6zel Olimpiyatlar tak\u0131m\u0131 oyuncusu Sana \u015eeyh El \u015eebab bronz madalyan\u0131n sahibi oldu.<\/p>\n<p>Kurba\u011falama m\u00fcsabakalar\u0131nda bronz sporcu \u015eeyh geldi.<\/p>\n<p>R.M<\/p>\n<p><a href=\"https:\/\/t.me\/SuriyeArapHaberAjansI\">Telegram Kanal\u0131m\u0131z\u00a0<\/a><\/p>\n<p><a href=\"https:\/\/www.facebook.com\/SANAHaberAjansi\/\">Facebook Sayfam\u0131z<\/a><\/p>\n<p><a href=\"https:\/\/twitter.com\/arap_ajans\">Twitter Hesab\u0131m\u0131z<\/a><\/p>\n","protected":false},"excerpt":{"rendered":"<p>BERL\u0130N &#8211; Almanya&#8217;n\u0131n ba\u015fkenti Berlin&#8217;de d\u00fczenlenen \u00d6zel Olimpiyatlar D\u00fcnya Oyunlar\u0131 kapsam\u0131nda d\u00fczenlenen y\u00fczme m\u00fcsabakalar\u0131nda Suriye \u00d6zel Olimpiyatlar tak\u0131m\u0131 oyuncusu Sana \u015eeyh El \u015eebab bronz madalyan\u0131n sahibi oldu. Kurba\u011falama m\u00fcsabakalar\u0131nda bronz sporcu \u015eeyh geldi. R.M Telegram Kanal\u0131m\u0131z\u00a0 Facebook Sayfam\u0131z Twitter Hesab\u0131m\u0131z<\/p>\n","protected":false},"author":41,"featured_media":283023,"comment_status":"closed","ping_status":"closed","sticky":false,"template":"","format":"standard","meta":{"footnotes":""},"categories":[458,498,459,17988,496],"tags":[],"class_list":["post-283022","post","type-post","status-publish","format-standard","has-post-thumbnail","","category-dunya1","category-dunya-turnuvalari","category-haberler-arap-uluslararasi-politika","category-son-haberler","category-spor"],"_links":{"self":[{"href":"https:\/\/archive.sana.sy\/tr\/index.php?rest_route=\/wp\/v2\/posts\/283022","targetHints":{"allow":["GET"]}}],"collection":[{"href":"https:\/\/archive.sana.sy\/tr\/index.php?rest_route=\/wp\/v2\/posts"}],"about":[{"href":"https:\/\/archive.sana.sy\/tr\/index.php?rest_route=\/wp\/v2\/types\/post"}],"author":[{"embeddable":true,"href":"https:\/\/archive.sana.sy\/tr\/index.php?rest_route=\/wp\/v2\/users\/41"}],"replies":[{"embeddable":true,"href":"https:\/\/archive.sana.sy\/tr\/index.php?rest_route=%2Fwp%2Fv2%2Fcomments&post=283022"}],"version-history":[{"count":1,"href":"https:\/\/archive.sana.sy\/tr\/index.php?rest_route=\/wp\/v2\/posts\/283022\/revisions"}],"predecessor-version":[{"id":283024,"href":"https:\/\/archive.sana.sy\/tr\/index.php?rest_route=\/wp\/v2\/posts\/283022\/revisions\/283024"}],"wp:featuredmedia":[{"embeddable":true,"href":"https:\/\/archive.sana.sy\/tr\/index.php?rest_route=\/wp\/v2\/media\/283023"}],"wp:attachment":[{"href":"https:\/\/archive.sana.sy\/tr\/index.php?rest_route=%2Fwp%2Fv2%2Fmedia&parent=283022"}],"wp:term":[{"taxonomy":"category","embeddable":true,"href":"https:\/\/archive.sana.sy\/tr\/index.php?rest_route=%2Fwp%2Fv2%2Fcategories&post=283022"},{"taxonomy":"post_tag","embeddable":true,"href":"https:\/\/archive.sana.sy\/tr\/index.php?rest_route=%2Fwp%2Fv2%2Ftags&post=283022"}],"curies":[{"name":"wp","href":"https:\/\/api.w.org\/{rel}","templated":true}]}}