{"id":28306,"date":"2015-04-01T21:03:54","date_gmt":"2015-04-01T18:03:54","guid":{"rendered":"http:\/\/www.sana.sy\/tr\/?p=28306"},"modified":"2015-04-02T13:21:09","modified_gmt":"2015-04-02T10:21:09","slug":"yuksek-komiserlik-raporu-dunya-kamuoyunu-aldatiyor","status":"publish","type":"post","link":"https:\/\/archive.sana.sy\/tr\/?p=28306","title":{"rendered":"Silahl\u0131 Ter\u00f6r \u00d6rg\u00fctleri \u0130nsanl\u0131\u011fa Kar\u015f\u0131 Katliamlar\u0131na Bir Yenisini Ekledi"},"content":{"rendered":"<p>\u015eAM \u2013 D\u0131\u015fi\u015fleri ve Gurbet\u00e7iler Bakanl\u0131\u011f\u0131 silahl\u0131 ter\u00f6r \u00f6rg\u00fctlerinin, insanl\u0131\u011fa kar\u015f\u0131 i\u015fledikleri katliamlar zinciri ve Hama\u2019n\u0131n el Mebuce b\u00f6lgesinde i\u015fledikleri katliamla bu zincire yeni bir halka eklemelerinin, bar\u0131\u015fsever devletlere, ter\u00f6r\u00fc destekleyen ve finanse eden devletlerle ilgili yapt\u0131r\u0131m te\u015fkil edecek icraatlar alma sorumlulu\u011fu y\u00fckledi\u011fini dile getirdi.<\/p>\n<p>Bug\u00fcn BM Genel Sekreteri ve G\u00fcvenlik Konseyi Ba\u015fkan\u0131na birbirine e\u015f iki mektup g\u00f6nderen D\u0131\u015fi\u015fleri ve Gurbet\u00e7iler Bakanl\u0131\u011f\u0131, G\u00fcvenlik Konseyine, ter\u00f6rle m\u00fccadeledeki sorumlulu\u011funu \u00fcstlenmesi ve Konsey \u00e7at\u0131s\u0131 alt\u0131nda al\u0131nan kararlar\u0131 uygulama \u00e7a\u011fr\u0131s\u0131nda bulundu.<\/p>\n<p>Hama\u2019n\u0131n el Mebuce k\u00f6y\u00fcn\u00fc hedef alan katliam\u0131n silahl\u0131 ter\u00f6r gruplar\u0131n\u0131n Suriye&#8217;deki sistemli sald\u0131r\u0131lar\u0131 \u00e7er\u00e7evesinde meydana geldi\u011fini ifade eden Bakanl\u0131k, kimi devletlerin k\u0131sa vadeli dar \u00e7\u0131karlar\u0131 u\u011fruna silahl\u0131 ter\u00f6r gruplar\u0131n\u0131 hala \u0131l\u0131ml\u0131 \u00f6rg\u00fctler olarak isimlendirmeyi s\u00fcrd\u00fcrd\u00fcklerini ibraz etti.<\/p>\n<p>Silahl\u0131 ter\u00f6r gruplar\u0131n\u0131 \u201c\u0131l\u0131ml\u0131 \u00f6rg\u00fctler\u201d olarak isimlendiren devletlerin bu \u00f6rg\u00fctlerin i\u015fledikleri katliamlar\u0131 g\u00f6rmezden geldiklerine dikkat \u00e7eken Bakanl\u0131k, silahl\u0131 ter\u00f6r \u00f6rg\u00fctlerine sunulan finans ve lojistik deste\u011finin kesilmesi halinde ter\u00f6r olaylar\u0131n\u0131n s\u00fcrmesinin m\u00fcmk\u00fcn olmayaca\u011f\u0131n\u0131 yineledi.<\/p>\n<p>Suriye Arap Cumhuriyetinin ter\u00f6rle m\u00fccadelede kararl\u0131 ve \u0131srarl\u0131 oldu\u011funu vurguyla yineleyen Bakanl\u0131k;\u00a0 Suriye&#8217;nin ter\u00f6rle m\u00fccadeleyi sadece vatan savunmas\u0131 olarak de\u011fil b\u00fct\u00fcn d\u00fcnya halklar\u0131n\u0131n ve insanl\u0131\u011f\u0131n savunmas\u0131 olarak g\u00f6rd\u00fc\u011f\u00fcn\u00fcn alt\u0131n\u0131 \u00e7izdi.<\/p>\n<p>F.B. &#8211; M.M.<\/p>\n","protected":false},"excerpt":{"rendered":"<p>\u015eAM \u2013 D\u0131\u015fi\u015fleri ve Gurbet\u00e7iler Bakanl\u0131\u011f\u0131 silahl\u0131 ter\u00f6r \u00f6rg\u00fctlerinin, insanl\u0131\u011fa kar\u015f\u0131 i\u015fledikleri katliamlar zinciri ve Hama\u2019n\u0131n el Mebuce b\u00f6lgesinde i\u015fledikleri katliamla bu zincire yeni bir halka eklemelerinin, bar\u0131\u015fsever devletlere, ter\u00f6r\u00fc destekleyen ve finanse eden devletlerle ilgili yapt\u0131r\u0131m te\u015fkil edecek icraatlar alma sorumlulu\u011fu y\u00fckledi\u011fini dile getirdi. Bug\u00fcn BM Genel Sekreteri ve G\u00fcvenlik Konseyi Ba\u015fkan\u0131na birbirine e\u015f &hellip;<\/p>\n","protected":false},"author":1,"featured_media":27120,"comment_status":"closed","ping_status":"closed","sticky":false,"template":"","format":"standard","meta":{"footnotes":""},"categories":[479,2554,2555,478],"tags":[13187,13186,13200,13188],"class_list":["post-28306","post","type-post","status-publish","format-standard","has-post-thumbnail","","category-haberler-yerel","category-suriye-ve-dunya","category-suriye-ve-turkiye","category-yerel","tag-barissever-devletlere","tag-insanliga-karsi-isledikleri-katliamlar-zinciri-ve-hamanin-el-mebuce-bolgesinde-isledikleri-katliamla-bu-zincire-yeni-bir-halka-eklemelerinin","tag-silahli-teror-orgutleri-insanliga-karsi-katliamlarina-bir-yenisini-ekledi-sam-disisleri-ve-gurbetciler-bakanligi-silahli-teror-orgutlerinin","tag-teroru-destekleyen-ve-finanse-eden-devletlerle-ilgili-yaptirim-teskil-edecek-icraatlar-alma-sorumlulugu-yukledigini-dile-getirdi"],"_links":{"self":[{"href":"https:\/\/archive.sana.sy\/tr\/index.php?rest_route=\/wp\/v2\/posts\/28306","targetHints":{"allow":["GET"]}}],"collection":[{"href":"https:\/\/archive.sana.sy\/tr\/index.php?rest_route=\/wp\/v2\/posts"}],"about":[{"href":"https:\/\/archive.sana.sy\/tr\/index.php?rest_route=\/wp\/v2\/types\/post"}],"author":[{"embeddable":true,"href":"https:\/\/archive.sana.sy\/tr\/index.php?rest_route=\/wp\/v2\/users\/1"}],"replies":[{"embeddable":true,"href":"https:\/\/archive.sana.sy\/tr\/index.php?rest_route=%2Fwp%2Fv2%2Fcomments&post=28306"}],"version-history":[{"count":0,"href":"https:\/\/archive.sana.sy\/tr\/index.php?rest_route=\/wp\/v2\/posts\/28306\/revisions"}],"wp:featuredmedia":[{"embeddable":true,"href":"https:\/\/archive.sana.sy\/tr\/index.php?rest_route=\/wp\/v2\/media\/27120"}],"wp:attachment":[{"href":"https:\/\/archive.sana.sy\/tr\/index.php?rest_route=%2Fwp%2Fv2%2Fmedia&parent=28306"}],"wp:term":[{"taxonomy":"category","embeddable":true,"href":"https:\/\/archive.sana.sy\/tr\/index.php?rest_route=%2Fwp%2Fv2%2Fcategories&post=28306"},{"taxonomy":"post_tag","embeddable":true,"href":"https:\/\/archive.sana.sy\/tr\/index.php?rest_route=%2Fwp%2Fv2%2Ftags&post=28306"}],"curies":[{"name":"wp","href":"https:\/\/api.w.org\/{rel}","templated":true}]}}