{"id":283112,"date":"2023-06-22T11:50:35","date_gmt":"2023-06-22T08:50:35","guid":{"rendered":"https:\/\/sana.sy\/tr\/?p=283112"},"modified":"2023-06-25T08:41:48","modified_gmt":"2023-06-25T05:41:48","slug":"halk-meclisi-isgal-altindaki-golandaki-halkimizin-sebatini-ve-isgal-karsisinda-topraklarina-olan-bagliligini-selamladi","status":"publish","type":"post","link":"https:\/\/archive.sana.sy\/tr\/?p=283112","title":{"rendered":"Halk Meclisi, \u0130\u015fgal Alt\u0131ndaki Golan&#8217;daki Halk\u0131m\u0131z\u0131n Sebat\u0131n\u0131 Ve \u0130\u015fgal Kar\u015f\u0131s\u0131nda Topraklar\u0131na Olan Ba\u011fl\u0131l\u0131\u011f\u0131n\u0131 Selamlad\u0131"},"content":{"rendered":"<p>\u015eAM \u2013 Halk Meclisi bug\u00fcnk\u00fc oturumunun ba\u015f\u0131nda, i\u015fgal alt\u0131ndaki Suriye Golan&#8217;daki halk\u0131m\u0131z\u0131n sebat\u0131n\u0131, \u0130srail i\u015fgali kar\u015f\u0131s\u0131nda topraklar\u0131na ba\u011fl\u0131l\u0131\u011f\u0131n\u0131 ve tar\u0131m arazilerine r\u00fczgar t\u00fcrbinleri kurulmas\u0131 y\u00f6n\u00fcndeki yerle\u015fim plan\u0131n\u0131 reddetmesini yeniden Selamlad\u0131.<\/p>\n<p><a href=\"https:\/\/t.me\/SuriyeArapHaberAjansI\">Telegram Kanal\u0131m\u0131z\u00a0<\/a><\/p>\n<p><a href=\"https:\/\/www.facebook.com\/SANAHaberAjansi\/\">Facebook Sayfam\u0131z<\/a><\/p>\n<p><a href=\"https:\/\/twitter.com\/arap_ajans\">Twitter Hesab\u0131m\u0131z<\/a><\/p>\n","protected":false},"excerpt":{"rendered":"<p>\u015eAM \u2013 Halk Meclisi bug\u00fcnk\u00fc oturumunun ba\u015f\u0131nda, i\u015fgal alt\u0131ndaki Suriye Golan&#8217;daki halk\u0131m\u0131z\u0131n sebat\u0131n\u0131, \u0130srail i\u015fgali kar\u015f\u0131s\u0131nda topraklar\u0131na ba\u011fl\u0131l\u0131\u011f\u0131n\u0131 ve tar\u0131m arazilerine r\u00fczgar t\u00fcrbinleri kurulmas\u0131 y\u00f6n\u00fcndeki yerle\u015fim plan\u0131n\u0131 reddetmesini yeniden Selamlad\u0131. Telegram Kanal\u0131m\u0131z\u00a0 Facebook Sayfam\u0131z Twitter Hesab\u0131m\u0131z<\/p>\n","protected":false},"author":36,"featured_media":283113,"comment_status":"closed","ping_status":"closed","sticky":false,"template":"","format":"standard","meta":{"footnotes":""},"categories":[479,17988,478],"tags":[],"class_list":["post-283112","post","type-post","status-publish","format-standard","has-post-thumbnail","","category-haberler-yerel","category-son-haberler","category-yerel"],"_links":{"self":[{"href":"https:\/\/archive.sana.sy\/tr\/index.php?rest_route=\/wp\/v2\/posts\/283112","targetHints":{"allow":["GET"]}}],"collection":[{"href":"https:\/\/archive.sana.sy\/tr\/index.php?rest_route=\/wp\/v2\/posts"}],"about":[{"href":"https:\/\/archive.sana.sy\/tr\/index.php?rest_route=\/wp\/v2\/types\/post"}],"author":[{"embeddable":true,"href":"https:\/\/archive.sana.sy\/tr\/index.php?rest_route=\/wp\/v2\/users\/36"}],"replies":[{"embeddable":true,"href":"https:\/\/archive.sana.sy\/tr\/index.php?rest_route=%2Fwp%2Fv2%2Fcomments&post=283112"}],"version-history":[{"count":1,"href":"https:\/\/archive.sana.sy\/tr\/index.php?rest_route=\/wp\/v2\/posts\/283112\/revisions"}],"predecessor-version":[{"id":283114,"href":"https:\/\/archive.sana.sy\/tr\/index.php?rest_route=\/wp\/v2\/posts\/283112\/revisions\/283114"}],"wp:featuredmedia":[{"embeddable":true,"href":"https:\/\/archive.sana.sy\/tr\/index.php?rest_route=\/wp\/v2\/media\/283113"}],"wp:attachment":[{"href":"https:\/\/archive.sana.sy\/tr\/index.php?rest_route=%2Fwp%2Fv2%2Fmedia&parent=283112"}],"wp:term":[{"taxonomy":"category","embeddable":true,"href":"https:\/\/archive.sana.sy\/tr\/index.php?rest_route=%2Fwp%2Fv2%2Fcategories&post=283112"},{"taxonomy":"post_tag","embeddable":true,"href":"https:\/\/archive.sana.sy\/tr\/index.php?rest_route=%2Fwp%2Fv2%2Ftags&post=283112"}],"curies":[{"name":"wp","href":"https:\/\/api.w.org\/{rel}","templated":true}]}}