{"id":283131,"date":"2023-06-24T11:01:15","date_gmt":"2023-06-24T08:01:15","guid":{"rendered":"https:\/\/sana.sy\/tr\/?p=283131"},"modified":"2023-06-25T08:43:14","modified_gmt":"2023-06-25T05:43:14","slug":"putin-ulkeye-kaos-tohumlari-ekmeye-calisanlar-var-ve-bu-tehdide-kararli-bir-sekilde-karsi-koyacagiz","status":"publish","type":"post","link":"https:\/\/archive.sana.sy\/tr\/?p=283131","title":{"rendered":"Putin: \u00dclkeye Kaos Tohumlar\u0131 Ekmeye \u00c7al\u0131\u015fanlar Var Ve Bu Tehdide Kararl\u0131 Bir \u015eekilde Kar\u015f\u0131 Koyaca\u011f\u0131z"},"content":{"rendered":"<p><strong>MOSKOVA<\/strong> \u2013 Rusya Devlet Ba\u015fkan\u0131 Vladimir Putin, Rusya&#8217;n\u0131n y\u00fcr\u00fctt\u00fc\u011f\u00fc sava\u015f\u0131n yabanc\u0131 planlara kar\u015f\u0131 birlik olmay\u0131 gerektirdi\u011fini vurgulad\u0131.<\/p>\n<p>Putin bug\u00fcn Rus halk\u0131na hitaben yapt\u0131\u011f\u0131 konu\u015fmada, &#8220;\u00dclkede kaos tohumlar\u0131 ekmeye \u00e7al\u0131\u015fanlar var ve biz bu yeni tehdide kararl\u0131 bir \u015fekilde kar\u015f\u0131 koyaca\u011f\u0131z&#8221; dedi.<\/p>\n<p>Putin, &#8220;Donbass&#8217;taki \u00f6zel askeri operasyonun uygulanmas\u0131 s\u0131ras\u0131nda herhangi bir anla\u015fmazl\u0131k ortadan kald\u0131r\u0131lmal\u0131 ve g\u00fcvenlik servisleri bir durum ilan etme emri ald\u0131\u201d dedi.<\/p>\n<p><a href=\"https:\/\/t.me\/SuriyeArapHaberAjansI\">Telegram Kanal\u0131m\u0131z\u00a0<\/a><\/p>\n<p><a href=\"https:\/\/www.facebook.com\/SANAHaberAjansi\/\">Facebook Sayfam\u0131z<\/a><\/p>\n<p><a href=\"https:\/\/twitter.com\/arap_ajans\">Twitter Hesab\u0131m\u0131z<\/a><\/p>\n","protected":false},"excerpt":{"rendered":"<p>MOSKOVA \u2013 Rusya Devlet Ba\u015fkan\u0131 Vladimir Putin, Rusya&#8217;n\u0131n y\u00fcr\u00fctt\u00fc\u011f\u00fc sava\u015f\u0131n yabanc\u0131 planlara kar\u015f\u0131 birlik olmay\u0131 gerektirdi\u011fini vurgulad\u0131. Putin bug\u00fcn Rus halk\u0131na hitaben yapt\u0131\u011f\u0131 konu\u015fmada, &#8220;\u00dclkede kaos tohumlar\u0131 ekmeye \u00e7al\u0131\u015fanlar var ve biz bu yeni tehdide kararl\u0131 bir \u015fekilde kar\u015f\u0131 koyaca\u011f\u0131z&#8221; dedi. Putin, &#8220;Donbass&#8217;taki \u00f6zel askeri operasyonun uygulanmas\u0131 s\u0131ras\u0131nda herhangi bir anla\u015fmazl\u0131k ortadan kald\u0131r\u0131lmal\u0131 ve g\u00fcvenlik &hellip;<\/p>\n","protected":false},"author":36,"featured_media":283132,"comment_status":"closed","ping_status":"closed","sticky":false,"template":"","format":"standard","meta":{"footnotes":""},"categories":[458,459,17988],"tags":[],"class_list":["post-283131","post","type-post","status-publish","format-standard","has-post-thumbnail","","category-dunya1","category-haberler-arap-uluslararasi-politika","category-son-haberler"],"_links":{"self":[{"href":"https:\/\/archive.sana.sy\/tr\/index.php?rest_route=\/wp\/v2\/posts\/283131","targetHints":{"allow":["GET"]}}],"collection":[{"href":"https:\/\/archive.sana.sy\/tr\/index.php?rest_route=\/wp\/v2\/posts"}],"about":[{"href":"https:\/\/archive.sana.sy\/tr\/index.php?rest_route=\/wp\/v2\/types\/post"}],"author":[{"embeddable":true,"href":"https:\/\/archive.sana.sy\/tr\/index.php?rest_route=\/wp\/v2\/users\/36"}],"replies":[{"embeddable":true,"href":"https:\/\/archive.sana.sy\/tr\/index.php?rest_route=%2Fwp%2Fv2%2Fcomments&post=283131"}],"version-history":[{"count":2,"href":"https:\/\/archive.sana.sy\/tr\/index.php?rest_route=\/wp\/v2\/posts\/283131\/revisions"}],"predecessor-version":[{"id":283159,"href":"https:\/\/archive.sana.sy\/tr\/index.php?rest_route=\/wp\/v2\/posts\/283131\/revisions\/283159"}],"wp:featuredmedia":[{"embeddable":true,"href":"https:\/\/archive.sana.sy\/tr\/index.php?rest_route=\/wp\/v2\/media\/283132"}],"wp:attachment":[{"href":"https:\/\/archive.sana.sy\/tr\/index.php?rest_route=%2Fwp%2Fv2%2Fmedia&parent=283131"}],"wp:term":[{"taxonomy":"category","embeddable":true,"href":"https:\/\/archive.sana.sy\/tr\/index.php?rest_route=%2Fwp%2Fv2%2Fcategories&post=283131"},{"taxonomy":"post_tag","embeddable":true,"href":"https:\/\/archive.sana.sy\/tr\/index.php?rest_route=%2Fwp%2Fv2%2Ftags&post=283131"}],"curies":[{"name":"wp","href":"https:\/\/api.w.org\/{rel}","templated":true}]}}