{"id":283134,"date":"2023-06-24T16:12:02","date_gmt":"2023-06-24T13:12:02","guid":{"rendered":"https:\/\/sana.sy\/tr\/?p=283134"},"modified":"2023-06-25T08:43:54","modified_gmt":"2023-06-25T05:43:54","slug":"lipetsk-ve-rostovda-terore-karsi-guvenlik-onlemleri","status":"publish","type":"post","link":"https:\/\/archive.sana.sy\/tr\/?p=283134","title":{"rendered":"Lipetsk Ve Rostov&#8217;da Ter\u00f6re Kar\u015f\u0131 G\u00fcvenlik \u00d6nlemleri"},"content":{"rendered":"<p><strong>MOSKOVA <\/strong>&#8211; Moskova Belediye Ba\u015fkan\u0131 Sergei Sobyanin, herhangi bir acil durum beklentisiyle kentte g\u00fcvenlik \u00f6nlemlerinin g\u00fc\u00e7lendirildi\u011fini ve ter\u00f6rle m\u00fccadele k\u0131s\u0131tlamalar\u0131n\u0131n s\u0131k\u0131la\u015ft\u0131r\u0131ld\u0131\u011f\u0131n\u0131 duyurdu.<\/p>\n<p>RT internet sitesi, Sobyanin&#8217;in bug\u00fcn, \u2018\u2019Moskova&#8217;da ter\u00f6rle m\u00fccadele, g\u00fcvenlik tedbirlerinin g\u00fc\u00e7lendirilmesi ve yollar\u0131n kontrol alt\u0131na al\u0131nmas\u0131 i\u00e7in gerekli tedbirler al\u0131n\u0131yor&#8221; dedi\u011fini kitlesel toplant\u0131lar\u0131n \u00f6rg\u00fctlenmesini k\u0131s\u0131tlama olas\u0131l\u0131\u011f\u0131na i\u015faret etti\u011fini aktard\u0131.<\/p>\n<p>Moskova b\u00f6lgesi valisi Andrei Vorobyov, vatanda\u015flar\u0131 Moskova&#8217;n\u0131n g\u00fcney banliy\u00f6lerinde hareketi s\u0131n\u0131rlamaya ve dikkatli olmaya \u00e7a\u011f\u0131rd\u0131.<\/p>\n<p>Buna kar\u015f\u0131l\u0131k, Rusya&#8217;n\u0131n Lipetsk eyaletinin valisi Igor Artamonov, eyaletteki g\u00fcvenlik \u00f6nlemlerinin g\u00fc\u00e7lendirildi\u011fini duyurdu ve sakinleri g\u00fcney b\u00f6lgelere, \u00f6zellikle Voronej b\u00f6lgesine seyahat etmekten ka\u00e7\u0131nmaya \u00e7a\u011f\u0131rd<\/p>\n<p>Eyalet valisi, Telegram kanal\u0131nda ayr\u0131ca sakinleri sakin olmaya ve resmi bilgilere g\u00fcvenmeye \u00e7a\u011f\u0131rd\u0131.<\/p>\n<p>Rostov Eyaleti Valisi Vasily Golubev, Telegram kanal\u0131nda eyaletteki mevcut durumu &#8220;d\u00fczeni sa\u011flamak i\u00e7in t\u00fcm g\u00fc\u00e7lerin maksimum konsantrasyonunu gerektiriyor&#8221; \u015feklinde tan\u0131mlayarak, kolluk kuvvetlerinin il\u00e7ede ya\u015fayanlar\u0131n can g\u00fcvenli\u011fi i\u00e7in gereken her \u015feyi yapt\u0131\u011f\u0131na dikkat \u00e7ekilerek, herkesi sakin olmaya ve zaruret olmad\u0131k\u00e7a evden \u00e7\u0131kmamaya davet etti.<\/p>\n<p>R.M<\/p>\n<p><a href=\"https:\/\/t.me\/SuriyeArapHaberAjansI\">Telegram Kanal\u0131m\u0131z\u00a0<\/a><\/p>\n<p><a href=\"https:\/\/www.facebook.com\/SANAHaberAjansi\/\">Facebook Sayfam\u0131z<\/a><\/p>\n<p><a href=\"https:\/\/twitter.com\/arap_ajans\">Twitter Hesab\u0131m\u0131z<\/a><\/p>\n","protected":false},"excerpt":{"rendered":"<p>MOSKOVA &#8211; Moskova Belediye Ba\u015fkan\u0131 Sergei Sobyanin, herhangi bir acil durum beklentisiyle kentte g\u00fcvenlik \u00f6nlemlerinin g\u00fc\u00e7lendirildi\u011fini ve ter\u00f6rle m\u00fccadele k\u0131s\u0131tlamalar\u0131n\u0131n s\u0131k\u0131la\u015ft\u0131r\u0131ld\u0131\u011f\u0131n\u0131 duyurdu. RT internet sitesi, Sobyanin&#8217;in bug\u00fcn, \u2018\u2019Moskova&#8217;da ter\u00f6rle m\u00fccadele, g\u00fcvenlik tedbirlerinin g\u00fc\u00e7lendirilmesi ve yollar\u0131n kontrol alt\u0131na al\u0131nmas\u0131 i\u00e7in gerekli tedbirler al\u0131n\u0131yor&#8221; dedi\u011fini kitlesel toplant\u0131lar\u0131n \u00f6rg\u00fctlenmesini k\u0131s\u0131tlama olas\u0131l\u0131\u011f\u0131na i\u015faret etti\u011fini aktard\u0131. Moskova b\u00f6lgesi valisi Andrei &hellip;<\/p>\n","protected":false},"author":41,"featured_media":283135,"comment_status":"closed","ping_status":"closed","sticky":false,"template":"","format":"standard","meta":{"footnotes":""},"categories":[458,459,17988],"tags":[],"class_list":["post-283134","post","type-post","status-publish","format-standard","has-post-thumbnail","","category-dunya1","category-haberler-arap-uluslararasi-politika","category-son-haberler"],"_links":{"self":[{"href":"https:\/\/archive.sana.sy\/tr\/index.php?rest_route=\/wp\/v2\/posts\/283134","targetHints":{"allow":["GET"]}}],"collection":[{"href":"https:\/\/archive.sana.sy\/tr\/index.php?rest_route=\/wp\/v2\/posts"}],"about":[{"href":"https:\/\/archive.sana.sy\/tr\/index.php?rest_route=\/wp\/v2\/types\/post"}],"author":[{"embeddable":true,"href":"https:\/\/archive.sana.sy\/tr\/index.php?rest_route=\/wp\/v2\/users\/41"}],"replies":[{"embeddable":true,"href":"https:\/\/archive.sana.sy\/tr\/index.php?rest_route=%2Fwp%2Fv2%2Fcomments&post=283134"}],"version-history":[{"count":1,"href":"https:\/\/archive.sana.sy\/tr\/index.php?rest_route=\/wp\/v2\/posts\/283134\/revisions"}],"predecessor-version":[{"id":283136,"href":"https:\/\/archive.sana.sy\/tr\/index.php?rest_route=\/wp\/v2\/posts\/283134\/revisions\/283136"}],"wp:featuredmedia":[{"embeddable":true,"href":"https:\/\/archive.sana.sy\/tr\/index.php?rest_route=\/wp\/v2\/media\/283135"}],"wp:attachment":[{"href":"https:\/\/archive.sana.sy\/tr\/index.php?rest_route=%2Fwp%2Fv2%2Fmedia&parent=283134"}],"wp:term":[{"taxonomy":"category","embeddable":true,"href":"https:\/\/archive.sana.sy\/tr\/index.php?rest_route=%2Fwp%2Fv2%2Fcategories&post=283134"},{"taxonomy":"post_tag","embeddable":true,"href":"https:\/\/archive.sana.sy\/tr\/index.php?rest_route=%2Fwp%2Fv2%2Ftags&post=283134"}],"curies":[{"name":"wp","href":"https:\/\/api.w.org\/{rel}","templated":true}]}}